{"id":10506,"date":"2025-05-11T07:30:00","date_gmt":"2025-05-11T10:30:00","guid":{"rendered":"https:\/\/www.cref13.org.br\/cref13\/?p=10506"},"modified":"2025-05-05T17:52:09","modified_gmt":"2025-05-05T20:52:09","slug":"maes-que-educam-cuidam-e-transformam-atraves-do-movimento","status":"publish","type":"post","link":"https:\/\/www.cref13.org.br\/cref13\/maes-que-educam-cuidam-e-transformam-atraves-do-movimento\/","title":{"rendered":"M\u00e3es que educam, cuidam e transformam atrav\u00e9s do movimento."},"content":{"rendered":"\n<p>Neste Dia das M\u00e3es, o CREF13\/BA homenageia todas as mulheres que conciliam os desafios da maternidade com a miss\u00e3o de promover sa\u00fade, educa\u00e7\u00e3o e bem-estar por meio da Educa\u00e7\u00e3o F\u00edsica.<br>Gratid\u00e3o por inspirarem tantas vidas com dedica\u00e7\u00e3o e afeto.<\/p>\n\n\n\n<p><\/p>\n","protected":false},"excerpt":{"rendered":"<p>Neste Dia das M\u00e3es, o CREF13\/BA homenageia todas as mulheres que conciliam os desafios da maternidade com a miss\u00e3o de promover sa\u00fade, educa\u00e7\u00e3o e bem-estar por meio da Educa\u00e7\u00e3o F\u00edsica.Gratid\u00e3o por inspirarem tantas vidas com dedica\u00e7\u00e3o e afeto.<\/p>\n","protected":false},"author":3,"featured_media":10507,"comment_status":"closed","ping_status":"open","sticky":false,"template":"","format":"standard","meta":{"footnotes":""},"categories":[14],"tags":[],"class_list":["post-10506","post","type-post","status-publish","format-standard","has-post-thumbnail","hentry","category-noticias"],"_links":{"self":[{"href":"https:\/\/www.cref13.org.br\/cref13\/wp-json\/wp\/v2\/posts\/10506","targetHints":{"allow":["GET"]}}],"collection":[{"href":"https:\/\/www.cref13.org.br\/cref13\/wp-json\/wp\/v2\/posts"}],"about":[{"href":"https:\/\/www.cref13.org.br\/cref13\/wp-json\/wp\/v2\/types\/post"}],"author":[{"embeddable":true,"href":"https:\/\/www.cref13.org.br\/cref13\/wp-json\/wp\/v2\/users\/3"}],"replies":[{"embeddable":true,"href":"https:\/\/www.cref13.org.br\/cref13\/wp-json\/wp\/v2\/comments?post=10506"}],"version-history":[{"count":1,"href":"https:\/\/www.cref13.org.br\/cref13\/wp-json\/wp\/v2\/posts\/10506\/revisions"}],"predecessor-version":[{"id":10508,"href":"https:\/\/www.cref13.org.br\/cref13\/wp-json\/wp\/v2\/posts\/10506\/revisions\/10508"}],"wp:featuredmedia":[{"embeddable":true,"href":"https:\/\/www.cref13.org.br\/cref13\/wp-json\/wp\/v2\/media\/10507"}],"wp:attachment":[{"href":"https:\/\/www.cref13.org.br\/cref13\/wp-json\/wp\/v2\/media?parent=10506"}],"wp:term":[{"taxonomy":"category","embeddable":true,"href":"https:\/\/www.cref13.org.br\/cref13\/wp-json\/wp\/v2\/categories?post=10506"},{"taxonomy":"post_tag","embeddable":true,"href":"https:\/\/www.cref13.org.br\/cref13\/wp-json\/wp\/v2\/tags?post=10506"}],"curies":[{"name":"wp","href":"https:\/\/api.w.org\/{rel}","templated":true}]}}