{"id":10606,"date":"2025-05-21T08:00:00","date_gmt":"2025-05-21T11:00:00","guid":{"rendered":"https:\/\/www.cref13.org.br\/cref13\/?p=10606"},"modified":"2025-05-27T22:41:45","modified_gmt":"2025-05-28T01:41:45","slug":"cref13-ba-teve-a-honra-de-receber-o-secretario-de-esportes-de-sapeacu-jailson-macedo","status":"publish","type":"post","link":"https:\/\/www.cref13.org.br\/cref13\/cref13-ba-teve-a-honra-de-receber-o-secretario-de-esportes-de-sapeacu-jailson-macedo\/","title":{"rendered":"CREF13\/BA teve a honra de receber o Secret\u00e1rio de Esportes de Sapea\u00e7u, Jailson Mac\u00eado"},"content":{"rendered":"\n<p>O CREF13\/BA teve a honra de receber o Secret\u00e1rio de Esportes de Sapea\u00e7u, Jailson Mac\u00eado Freitas (CREF 010654-G\/BA), para uma visita institucional ao presidente Rog\u00e9rio Moura.<\/p>\n\n\n\n<p>Profissional de Educa\u00e7\u00e3o F\u00edsica com vasta experi\u00eancia no esporte, Jailson \u00e9 reconhecido nacionalmente por sua trajet\u00f3ria como \u00e1rbitro de futebol, al\u00e9m de atuar como formador de novos profissionais na \u00e1rea da arbitragem.<\/p>\n\n\n\n<p>Durante a reuni\u00e3o, foram debatidas a\u00e7\u00f5es para o fortalecimento da Educa\u00e7\u00e3o F\u00edsica na regi\u00e3o, incluindo parcerias estrat\u00e9gicas, valoriza\u00e7\u00e3o da profiss\u00e3o e o desenvolvimento de pol\u00edticas p\u00fablicas que promovam sa\u00fade, esporte e inclus\u00e3o social.<\/p>\n\n\n\n<p>A aproxima\u00e7\u00e3o com gestores municipais reafirma o compromisso do CREF13\/BA com o di\u00e1logo interinstitucional em prol da categoria e da sociedade.<\/p>\n","protected":false},"excerpt":{"rendered":"<p>O CREF13\/BA teve a honra de receber o Secret\u00e1rio de Esportes de Sapea\u00e7u, Jailson Mac\u00eado Freitas (CREF 010654-G\/BA), para uma visita institucional ao presidente Rog\u00e9rio Moura. Profissional de Educa\u00e7\u00e3o F\u00edsica com vasta experi\u00eancia no esporte, Jailson \u00e9 reconhecido nacionalmente por sua trajet\u00f3ria como \u00e1rbitro de futebol, al\u00e9m de atuar como formador de novos profissionais na [&hellip;]<\/p>\n","protected":false},"author":3,"featured_media":10607,"comment_status":"closed","ping_status":"open","sticky":false,"template":"","format":"standard","meta":{"footnotes":""},"categories":[14],"tags":[],"class_list":["post-10606","post","type-post","status-publish","format-standard","has-post-thumbnail","hentry","category-noticias"],"_links":{"self":[{"href":"https:\/\/www.cref13.org.br\/cref13\/wp-json\/wp\/v2\/posts\/10606","targetHints":{"allow":["GET"]}}],"collection":[{"href":"https:\/\/www.cref13.org.br\/cref13\/wp-json\/wp\/v2\/posts"}],"about":[{"href":"https:\/\/www.cref13.org.br\/cref13\/wp-json\/wp\/v2\/types\/post"}],"author":[{"embeddable":true,"href":"https:\/\/www.cref13.org.br\/cref13\/wp-json\/wp\/v2\/users\/3"}],"replies":[{"embeddable":true,"href":"https:\/\/www.cref13.org.br\/cref13\/wp-json\/wp\/v2\/comments?post=10606"}],"version-history":[{"count":1,"href":"https:\/\/www.cref13.org.br\/cref13\/wp-json\/wp\/v2\/posts\/10606\/revisions"}],"predecessor-version":[{"id":10608,"href":"https:\/\/www.cref13.org.br\/cref13\/wp-json\/wp\/v2\/posts\/10606\/revisions\/10608"}],"wp:featuredmedia":[{"embeddable":true,"href":"https:\/\/www.cref13.org.br\/cref13\/wp-json\/wp\/v2\/media\/10607"}],"wp:attachment":[{"href":"https:\/\/www.cref13.org.br\/cref13\/wp-json\/wp\/v2\/media?parent=10606"}],"wp:term":[{"taxonomy":"category","embeddable":true,"href":"https:\/\/www.cref13.org.br\/cref13\/wp-json\/wp\/v2\/categories?post=10606"},{"taxonomy":"post_tag","embeddable":true,"href":"https:\/\/www.cref13.org.br\/cref13\/wp-json\/wp\/v2\/tags?post=10606"}],"curies":[{"name":"wp","href":"https:\/\/api.w.org\/{rel}","templated":true}]}}