{"id":12605,"date":"2026-01-20T14:50:28","date_gmt":"2026-01-20T17:50:28","guid":{"rendered":"https:\/\/www.cref13.org.br\/cref13\/?p=12605"},"modified":"2026-01-20T14:50:28","modified_gmt":"2026-01-20T17:50:28","slug":"balanco-da-fiscalizacao","status":"publish","type":"post","link":"https:\/\/www.cref13.org.br\/cref13\/balanco-da-fiscalizacao\/","title":{"rendered":"Balan\u00e7o da Fiscaliza\u00e7\u00e3o"},"content":{"rendered":"\n<p>Em 2025, o Conselho Regional de Educa\u00e7\u00e3o F\u00edsica da 13\u00aa Regi\u00e3o (CREF13\/BA) intensificou suas a\u00e7\u00f5es de orienta\u00e7\u00e3o e fiscaliza\u00e7\u00e3o em todo o estado da Bahia, com foco no cumprimento da legisla\u00e7\u00e3o profissional, na valoriza\u00e7\u00e3o da categoria e na prote\u00e7\u00e3o da sociedade.<\/p>\n\n\n\n<p>Ao longo do ano, foram 266 munic\u00edpios visitados, 3.631 estabelecimentos fiscalizados e 3.380 pessoas fiscalizadas, com a identifica\u00e7\u00e3o de 3.077 profissionais regulares e 347 ocorr\u00eancias de exerc\u00edcio ilegal da profiss\u00e3o.<\/p>\n\n\n\n<p>O presidente do CREF13\/BA, Prof. Rog\u00e9rio Moura (CREF 001726-G\/BA), destaca:<\/p>\n\n\n\n<p>\u201cA atua\u00e7\u00e3o permanente do CREF13\/BA reafirma nosso compromisso com a legalidade, a valoriza\u00e7\u00e3o da profiss\u00e3o e dos profissionais de Educa\u00e7\u00e3o F\u00edsica e a busca incessante da seguran\u00e7a na presta\u00e7\u00e3o dos servi\u00e7os oferecidos \u00e0 popula\u00e7\u00e3o baiana.\u201d<\/p>\n\n\n\n<p>O CREF13\/BA segue firme em sua miss\u00e3o institucional de zelar pelo exerc\u00edcio legal da profiss\u00e3o e pelo interesse p\u00fablico em todo o territ\u00f3rio estadual.<\/p>\n","protected":false},"excerpt":{"rendered":"<p>Em 2025, o Conselho Regional de Educa\u00e7\u00e3o F\u00edsica da 13\u00aa Regi\u00e3o (CREF13\/BA) intensificou suas a\u00e7\u00f5es de orienta\u00e7\u00e3o e fiscaliza\u00e7\u00e3o em todo o estado da Bahia, com foco no cumprimento da legisla\u00e7\u00e3o profissional, na valoriza\u00e7\u00e3o da categoria e na prote\u00e7\u00e3o da sociedade. Ao longo do ano, foram 266 munic\u00edpios visitados, 3.631 estabelecimentos fiscalizados e 3.380 pessoas [&hellip;]<\/p>\n","protected":false},"author":3,"featured_media":12606,"comment_status":"closed","ping_status":"open","sticky":false,"template":"","format":"standard","meta":{"footnotes":""},"categories":[14],"tags":[],"class_list":["post-12605","post","type-post","status-publish","format-standard","has-post-thumbnail","hentry","category-noticias"],"_links":{"self":[{"href":"https:\/\/www.cref13.org.br\/cref13\/wp-json\/wp\/v2\/posts\/12605","targetHints":{"allow":["GET"]}}],"collection":[{"href":"https:\/\/www.cref13.org.br\/cref13\/wp-json\/wp\/v2\/posts"}],"about":[{"href":"https:\/\/www.cref13.org.br\/cref13\/wp-json\/wp\/v2\/types\/post"}],"author":[{"embeddable":true,"href":"https:\/\/www.cref13.org.br\/cref13\/wp-json\/wp\/v2\/users\/3"}],"replies":[{"embeddable":true,"href":"https:\/\/www.cref13.org.br\/cref13\/wp-json\/wp\/v2\/comments?post=12605"}],"version-history":[{"count":1,"href":"https:\/\/www.cref13.org.br\/cref13\/wp-json\/wp\/v2\/posts\/12605\/revisions"}],"predecessor-version":[{"id":12607,"href":"https:\/\/www.cref13.org.br\/cref13\/wp-json\/wp\/v2\/posts\/12605\/revisions\/12607"}],"wp:featuredmedia":[{"embeddable":true,"href":"https:\/\/www.cref13.org.br\/cref13\/wp-json\/wp\/v2\/media\/12606"}],"wp:attachment":[{"href":"https:\/\/www.cref13.org.br\/cref13\/wp-json\/wp\/v2\/media?parent=12605"}],"wp:term":[{"taxonomy":"category","embeddable":true,"href":"https:\/\/www.cref13.org.br\/cref13\/wp-json\/wp\/v2\/categories?post=12605"},{"taxonomy":"post_tag","embeddable":true,"href":"https:\/\/www.cref13.org.br\/cref13\/wp-json\/wp\/v2\/tags?post=12605"}],"curies":[{"name":"wp","href":"https:\/\/api.w.org\/{rel}","templated":true}]}}