{"id":12609,"date":"2026-01-21T16:18:04","date_gmt":"2026-01-21T19:18:04","guid":{"rendered":"https:\/\/www.cref13.org.br\/cref13\/?p=12609"},"modified":"2026-01-21T16:18:43","modified_gmt":"2026-01-21T19:18:43","slug":"atendimentos-cref13-ba-em-2025","status":"publish","type":"post","link":"https:\/\/www.cref13.org.br\/cref13\/atendimentos-cref13-ba-em-2025\/","title":{"rendered":"Atendimentos CREF13\/BA em 2025"},"content":{"rendered":"\n<p>Em 2025, o Conselho Regional de Educa\u00e7\u00e3o F\u00edsica da 13\u00aa Regi\u00e3o (CREF13\/BA) ampliou o acesso aos seus servi\u00e7os e fortaleceu a regulariza\u00e7\u00e3o da profiss\u00e3o em todo o estado.<\/p>\n\n\n\n<p>Ao longo do ano, foram mais de 1.900 profissionais registrados e 528 empresas formalmente registradas, al\u00e9m de mais de 54 mil atendimentos realizados a profissionais e empresas, por meio de canais digitais, assegurando agilidade, seguran\u00e7a e efici\u00eancia nos processos administrativos.<\/p>\n\n\n\n<p>O CREF13\/BA segue comprometido com a legalidade, a transpar\u00eancia e a valoriza\u00e7\u00e3o da Educa\u00e7\u00e3o F\u00edsica na Bahia.<\/p>\n\n\n\n<figure class=\"wp-block-image size-large\"><img fetchpriority=\"high\" decoding=\"async\" width=\"819\" height=\"1024\" src=\"https:\/\/www.cref13.org.br\/cref13\/wp-content\/uploads\/2026\/01\/WhatsApp-Image-2026-01-19-at-10.27.46-819x1024.jpeg\" alt=\"\" class=\"wp-image-12611\" srcset=\"https:\/\/www.cref13.org.br\/cref13\/wp-content\/uploads\/2026\/01\/WhatsApp-Image-2026-01-19-at-10.27.46-819x1024.jpeg 819w, https:\/\/www.cref13.org.br\/cref13\/wp-content\/uploads\/2026\/01\/WhatsApp-Image-2026-01-19-at-10.27.46-240x300.jpeg 240w, https:\/\/www.cref13.org.br\/cref13\/wp-content\/uploads\/2026\/01\/WhatsApp-Image-2026-01-19-at-10.27.46-768x960.jpeg 768w, https:\/\/www.cref13.org.br\/cref13\/wp-content\/uploads\/2026\/01\/WhatsApp-Image-2026-01-19-at-10.27.46.jpeg 1080w\" sizes=\"(max-width: 819px) 100vw, 819px\" \/><\/figure>\n","protected":false},"excerpt":{"rendered":"<p>Em 2025, o Conselho Regional de Educa\u00e7\u00e3o F\u00edsica da 13\u00aa Regi\u00e3o (CREF13\/BA) ampliou o acesso aos seus servi\u00e7os e fortaleceu a regulariza\u00e7\u00e3o da profiss\u00e3o em todo o estado. Ao longo do ano, foram mais de 1.900 profissionais registrados e 528 empresas formalmente registradas, al\u00e9m de mais de 54 mil atendimentos realizados a profissionais e empresas, [&hellip;]<\/p>\n","protected":false},"author":3,"featured_media":12610,"comment_status":"closed","ping_status":"open","sticky":false,"template":"","format":"standard","meta":{"footnotes":""},"categories":[14],"tags":[],"class_list":["post-12609","post","type-post","status-publish","format-standard","has-post-thumbnail","hentry","category-noticias"],"_links":{"self":[{"href":"https:\/\/www.cref13.org.br\/cref13\/wp-json\/wp\/v2\/posts\/12609","targetHints":{"allow":["GET"]}}],"collection":[{"href":"https:\/\/www.cref13.org.br\/cref13\/wp-json\/wp\/v2\/posts"}],"about":[{"href":"https:\/\/www.cref13.org.br\/cref13\/wp-json\/wp\/v2\/types\/post"}],"author":[{"embeddable":true,"href":"https:\/\/www.cref13.org.br\/cref13\/wp-json\/wp\/v2\/users\/3"}],"replies":[{"embeddable":true,"href":"https:\/\/www.cref13.org.br\/cref13\/wp-json\/wp\/v2\/comments?post=12609"}],"version-history":[{"count":1,"href":"https:\/\/www.cref13.org.br\/cref13\/wp-json\/wp\/v2\/posts\/12609\/revisions"}],"predecessor-version":[{"id":12612,"href":"https:\/\/www.cref13.org.br\/cref13\/wp-json\/wp\/v2\/posts\/12609\/revisions\/12612"}],"wp:featuredmedia":[{"embeddable":true,"href":"https:\/\/www.cref13.org.br\/cref13\/wp-json\/wp\/v2\/media\/12610"}],"wp:attachment":[{"href":"https:\/\/www.cref13.org.br\/cref13\/wp-json\/wp\/v2\/media?parent=12609"}],"wp:term":[{"taxonomy":"category","embeddable":true,"href":"https:\/\/www.cref13.org.br\/cref13\/wp-json\/wp\/v2\/categories?post=12609"},{"taxonomy":"post_tag","embeddable":true,"href":"https:\/\/www.cref13.org.br\/cref13\/wp-json\/wp\/v2\/tags?post=12609"}],"curies":[{"name":"wp","href":"https:\/\/api.w.org\/{rel}","templated":true}]}}