{"id":12622,"date":"2026-01-26T08:17:25","date_gmt":"2026-01-26T11:17:25","guid":{"rendered":"https:\/\/www.cref13.org.br\/cref13\/?p=12622"},"modified":"2026-01-26T08:17:25","modified_gmt":"2026-01-26T11:17:25","slug":"dia-internacional-de-educacao","status":"publish","type":"post","link":"https:\/\/www.cref13.org.br\/cref13\/dia-internacional-de-educacao\/","title":{"rendered":"Dia Internacional de Educa\u00e7\u00e3o!"},"content":{"rendered":"\n<p>A Educa\u00e7\u00e3o \u00e9 o ponto de partida para a forma\u00e7\u00e3o de cidad\u00e3os mais saud\u00e1veis, conscientes e seguros. Na escola, o profissional de Educa\u00e7\u00e3o F\u00edsica exerce um papel fundamental no desenvolvimento f\u00edsico, social e emocional de crian\u00e7as e adolescentes.<br><br>Em 2025, o CREF13\/BA intensificou sua atua\u00e7\u00e3o e realizou fiscaliza\u00e7\u00e3o em 191 escolas, garantindo que profissionais devidamente registrados estejam atuando nas institui\u00e7\u00f5es de ensino, promovendo a seguran\u00e7a, a qualidade do ensino e a valoriza\u00e7\u00e3o da profiss\u00e3o.<br><br>Educa\u00e7\u00e3o, sa\u00fade e responsabilidade caminham juntas. CREF13\/BA em defesa da sociedade e da Educa\u00e7\u00e3o F\u00edsica.1 d<\/p>\n","protected":false},"excerpt":{"rendered":"<p>A Educa\u00e7\u00e3o \u00e9 o ponto de partida para a forma\u00e7\u00e3o de cidad\u00e3os mais saud\u00e1veis, conscientes e seguros. Na escola, o profissional de Educa\u00e7\u00e3o F\u00edsica exerce um papel fundamental no desenvolvimento f\u00edsico, social e emocional de crian\u00e7as e adolescentes. Em 2025, o CREF13\/BA intensificou sua atua\u00e7\u00e3o e realizou fiscaliza\u00e7\u00e3o em 191 escolas, garantindo que profissionais devidamente [&hellip;]<\/p>\n","protected":false},"author":3,"featured_media":12623,"comment_status":"closed","ping_status":"open","sticky":false,"template":"","format":"standard","meta":{"footnotes":""},"categories":[14],"tags":[],"class_list":["post-12622","post","type-post","status-publish","format-standard","has-post-thumbnail","hentry","category-noticias"],"_links":{"self":[{"href":"https:\/\/www.cref13.org.br\/cref13\/wp-json\/wp\/v2\/posts\/12622","targetHints":{"allow":["GET"]}}],"collection":[{"href":"https:\/\/www.cref13.org.br\/cref13\/wp-json\/wp\/v2\/posts"}],"about":[{"href":"https:\/\/www.cref13.org.br\/cref13\/wp-json\/wp\/v2\/types\/post"}],"author":[{"embeddable":true,"href":"https:\/\/www.cref13.org.br\/cref13\/wp-json\/wp\/v2\/users\/3"}],"replies":[{"embeddable":true,"href":"https:\/\/www.cref13.org.br\/cref13\/wp-json\/wp\/v2\/comments?post=12622"}],"version-history":[{"count":1,"href":"https:\/\/www.cref13.org.br\/cref13\/wp-json\/wp\/v2\/posts\/12622\/revisions"}],"predecessor-version":[{"id":12624,"href":"https:\/\/www.cref13.org.br\/cref13\/wp-json\/wp\/v2\/posts\/12622\/revisions\/12624"}],"wp:featuredmedia":[{"embeddable":true,"href":"https:\/\/www.cref13.org.br\/cref13\/wp-json\/wp\/v2\/media\/12623"}],"wp:attachment":[{"href":"https:\/\/www.cref13.org.br\/cref13\/wp-json\/wp\/v2\/media?parent=12622"}],"wp:term":[{"taxonomy":"category","embeddable":true,"href":"https:\/\/www.cref13.org.br\/cref13\/wp-json\/wp\/v2\/categories?post=12622"},{"taxonomy":"post_tag","embeddable":true,"href":"https:\/\/www.cref13.org.br\/cref13\/wp-json\/wp\/v2\/tags?post=12622"}],"curies":[{"name":"wp","href":"https:\/\/api.w.org\/{rel}","templated":true}]}}