{"id":12637,"date":"2026-01-26T11:39:42","date_gmt":"2026-01-26T14:39:42","guid":{"rendered":"https:\/\/www.cref13.org.br\/cref13\/?p=12637"},"modified":"2026-01-27T11:40:55","modified_gmt":"2026-01-27T14:40:55","slug":"presidente-do-cref13-ba-conduz-cerimonia-de-posse-de-novo-funcionario-publico-concursado","status":"publish","type":"post","link":"https:\/\/www.cref13.org.br\/cref13\/presidente-do-cref13-ba-conduz-cerimonia-de-posse-de-novo-funcionario-publico-concursado\/","title":{"rendered":"Presidente do CREF13\/BA conduz cerim\u00f4nia de posse de novo funcion\u00e1rio p\u00fablico concursado"},"content":{"rendered":"\n<p>Na manh\u00e3 desta segunda-feira, o CREF13\/BA realizou a cerim\u00f4nia de posse da candidata aprovada no Concurso P\u00fablico regido pelo Edital n\u00ba 01\/2024 para o cargo de Assistente Administrativo. Karine Fernandes, classificada em quinto lugar, passa a integrar a equipe do Conselho, fortalecendo o quadro de empregados p\u00fablicos da institui\u00e7\u00e3o.<\/p>\n\n\n\n<p>Durante a cerim\u00f4nia, o presidente Rog\u00e9rio Moura deu as boas-vindas \u00e0 nova colaboradora e ressaltou a import\u00e2ncia do fortalecimento da equipe para a melhoria cont\u00ednua dos servi\u00e7os prestados \u00e0 sociedade e aos profissionais de Educa\u00e7\u00e3o F\u00edsica e empresas registradas no conselho.<\/p>\n\n\n\n<p>Em seu primeiro pronunciamento, Karine Fernandes destacou a satisfa\u00e7\u00e3o pela oportunidade e o compromisso em contribuir para o bom funcionamento do CREF13\/BA.<\/p>\n","protected":false},"excerpt":{"rendered":"<p>Na manh\u00e3 desta segunda-feira, o CREF13\/BA realizou a cerim\u00f4nia de posse da candidata aprovada no Concurso P\u00fablico regido pelo Edital n\u00ba 01\/2024 para o cargo de Assistente Administrativo. Karine Fernandes, classificada em quinto lugar, passa a integrar a equipe do Conselho, fortalecendo o quadro de empregados p\u00fablicos da institui\u00e7\u00e3o. Durante a cerim\u00f4nia, o presidente Rog\u00e9rio [&hellip;]<\/p>\n","protected":false},"author":3,"featured_media":12638,"comment_status":"closed","ping_status":"open","sticky":false,"template":"","format":"standard","meta":{"footnotes":""},"categories":[14],"tags":[],"class_list":["post-12637","post","type-post","status-publish","format-standard","has-post-thumbnail","hentry","category-noticias"],"_links":{"self":[{"href":"https:\/\/www.cref13.org.br\/cref13\/wp-json\/wp\/v2\/posts\/12637","targetHints":{"allow":["GET"]}}],"collection":[{"href":"https:\/\/www.cref13.org.br\/cref13\/wp-json\/wp\/v2\/posts"}],"about":[{"href":"https:\/\/www.cref13.org.br\/cref13\/wp-json\/wp\/v2\/types\/post"}],"author":[{"embeddable":true,"href":"https:\/\/www.cref13.org.br\/cref13\/wp-json\/wp\/v2\/users\/3"}],"replies":[{"embeddable":true,"href":"https:\/\/www.cref13.org.br\/cref13\/wp-json\/wp\/v2\/comments?post=12637"}],"version-history":[{"count":1,"href":"https:\/\/www.cref13.org.br\/cref13\/wp-json\/wp\/v2\/posts\/12637\/revisions"}],"predecessor-version":[{"id":12639,"href":"https:\/\/www.cref13.org.br\/cref13\/wp-json\/wp\/v2\/posts\/12637\/revisions\/12639"}],"wp:featuredmedia":[{"embeddable":true,"href":"https:\/\/www.cref13.org.br\/cref13\/wp-json\/wp\/v2\/media\/12638"}],"wp:attachment":[{"href":"https:\/\/www.cref13.org.br\/cref13\/wp-json\/wp\/v2\/media?parent=12637"}],"wp:term":[{"taxonomy":"category","embeddable":true,"href":"https:\/\/www.cref13.org.br\/cref13\/wp-json\/wp\/v2\/categories?post=12637"},{"taxonomy":"post_tag","embeddable":true,"href":"https:\/\/www.cref13.org.br\/cref13\/wp-json\/wp\/v2\/tags?post=12637"}],"curies":[{"name":"wp","href":"https:\/\/api.w.org\/{rel}","templated":true}]}}