{"id":12640,"date":"2026-01-27T11:42:22","date_gmt":"2026-01-27T14:42:22","guid":{"rendered":"https:\/\/www.cref13.org.br\/cref13\/?p=12640"},"modified":"2026-01-27T11:42:22","modified_gmt":"2026-01-27T14:42:22","slug":"cref13-ba-realiza-atendimento-movel-em-itapetinga-nesta-quarta-feira-28-saiba-mais","status":"publish","type":"post","link":"https:\/\/www.cref13.org.br\/cref13\/cref13-ba-realiza-atendimento-movel-em-itapetinga-nesta-quarta-feira-28-saiba-mais\/","title":{"rendered":"CREF13\/BA realiza atendimento m\u00f3vel em Itapetinga, nesta quarta-feira (28), saiba mais"},"content":{"rendered":"\n<p>O CREF13\/BA estar\u00e1 em Itapetinga no dia 28 de janeiro, com atendimento m\u00f3vel das 08h \u00e0s 17h, na Secretaria de Esporte, Lazer e Turismo, localizada no Est\u00e1dio Municipal Ant\u00f4nio Carlos, na Pra\u00e7a Agnaldo Aguiar, Bairro Primavera.<\/p>\n\n\n\n<p>Durante a a\u00e7\u00e3o, estar\u00e3o dispon\u00edveis os principais servi\u00e7os do Conselho, incluindo informa\u00e7\u00f5es sobre registro profissional e de Pessoa Jur\u00eddica (PJ), atualiza\u00e7\u00e3o cadastral, orienta\u00e7\u00f5es sobre atua\u00e7\u00e3o profissional, regulariza\u00e7\u00e3o de pend\u00eancias e esclarecimento de d\u00favidas.<\/p>\n\n\n\n<p>A iniciativa \u00e9 voltada a Profissionais de Educa\u00e7\u00e3o F\u00edsica e gestores de Pessoa Jur\u00eddica, refor\u00e7ando o compromisso do CREF13\/BA em aproximar seus servi\u00e7os da categoria, ampliar o acesso nos territ\u00f3rios e fortalecer o exerc\u00edcio legal, \u00e9tico e qualificado da profiss\u00e3o.<\/p>\n\n\n\n<p>Agende seu atendimento antecipadamente em cref13.org.br.<\/p>\n","protected":false},"excerpt":{"rendered":"<p>O CREF13\/BA estar\u00e1 em Itapetinga no dia 28 de janeiro, com atendimento m\u00f3vel das 08h \u00e0s 17h, na Secretaria de Esporte, Lazer e Turismo, localizada no Est\u00e1dio Municipal Ant\u00f4nio Carlos, na Pra\u00e7a Agnaldo Aguiar, Bairro Primavera. Durante a a\u00e7\u00e3o, estar\u00e3o dispon\u00edveis os principais servi\u00e7os do Conselho, incluindo informa\u00e7\u00f5es sobre registro profissional e de Pessoa Jur\u00eddica [&hellip;]<\/p>\n","protected":false},"author":3,"featured_media":12641,"comment_status":"closed","ping_status":"open","sticky":false,"template":"","format":"standard","meta":{"footnotes":""},"categories":[14],"tags":[],"class_list":["post-12640","post","type-post","status-publish","format-standard","has-post-thumbnail","hentry","category-noticias"],"_links":{"self":[{"href":"https:\/\/www.cref13.org.br\/cref13\/wp-json\/wp\/v2\/posts\/12640","targetHints":{"allow":["GET"]}}],"collection":[{"href":"https:\/\/www.cref13.org.br\/cref13\/wp-json\/wp\/v2\/posts"}],"about":[{"href":"https:\/\/www.cref13.org.br\/cref13\/wp-json\/wp\/v2\/types\/post"}],"author":[{"embeddable":true,"href":"https:\/\/www.cref13.org.br\/cref13\/wp-json\/wp\/v2\/users\/3"}],"replies":[{"embeddable":true,"href":"https:\/\/www.cref13.org.br\/cref13\/wp-json\/wp\/v2\/comments?post=12640"}],"version-history":[{"count":1,"href":"https:\/\/www.cref13.org.br\/cref13\/wp-json\/wp\/v2\/posts\/12640\/revisions"}],"predecessor-version":[{"id":12642,"href":"https:\/\/www.cref13.org.br\/cref13\/wp-json\/wp\/v2\/posts\/12640\/revisions\/12642"}],"wp:featuredmedia":[{"embeddable":true,"href":"https:\/\/www.cref13.org.br\/cref13\/wp-json\/wp\/v2\/media\/12641"}],"wp:attachment":[{"href":"https:\/\/www.cref13.org.br\/cref13\/wp-json\/wp\/v2\/media?parent=12640"}],"wp:term":[{"taxonomy":"category","embeddable":true,"href":"https:\/\/www.cref13.org.br\/cref13\/wp-json\/wp\/v2\/categories?post=12640"},{"taxonomy":"post_tag","embeddable":true,"href":"https:\/\/www.cref13.org.br\/cref13\/wp-json\/wp\/v2\/tags?post=12640"}],"curies":[{"name":"wp","href":"https:\/\/api.w.org\/{rel}","templated":true}]}}