{"id":12643,"date":"2026-01-28T11:38:16","date_gmt":"2026-01-28T14:38:16","guid":{"rendered":"https:\/\/www.cref13.org.br\/cref13\/?p=12643"},"modified":"2026-01-28T11:38:16","modified_gmt":"2026-01-28T14:38:16","slug":"aos-70-anos-a-profissional-de-educacao-fisica-desiree-dalia-completa-a-30a-travessia-salvador-mar-grande","status":"publish","type":"post","link":"https:\/\/www.cref13.org.br\/cref13\/aos-70-anos-a-profissional-de-educacao-fisica-desiree-dalia-completa-a-30a-travessia-salvador-mar-grande\/","title":{"rendered":"Aos 70 anos, a Profissional de Educa\u00e7\u00e3o F\u00edsica Desir\u00e9e D\u00e1lia completa a 30\u00aa travessia Salvador\u2013Mar Grande"},"content":{"rendered":"\n<p>A Profissional de Educa\u00e7\u00e3o F\u00edsica e nadadora Desir\u00e9e D\u00e1lia (CREF 000841-G\/BA) realizou, sozinha, a travessia Salvador\u2013Mar Grande (ida e volta), enfrentando quase nove horas de mar aberto, com chuva e correntezas. O feito marca sua 30\u00aa travessia e refor\u00e7a uma trajet\u00f3ria constru\u00edda com preparo, disciplina e orienta\u00e7\u00e3o profissional qualificada. Para Desir\u00e9e, o desafio vai al\u00e9m da dist\u00e2ncia percorrida. \u201cExistem outras travessias, as invis\u00edveis. O mental precisa estar muito preparado, principalmente nos pontos de maior correnteza\u201d, relatou em entrevista ao Jornal A Tarde.<\/p>\n\n\n\n<p>Em 2024, Desir\u00e9e participou do podcast institucional \u201cCREF13\/BA Convida\u201d, onde compartilhou um pouco de sua trajet\u00f3ria no esporte e na Educa\u00e7\u00e3o F\u00edsica. Em 2025, sua academia D\u00e1lia Acqua Sport (CREF 000209 PJ\/BA) foi homenageada na Assembleia Legislativa da Bahia com a Medalha Carlos de Souza Pimentel, honraria de M\u00e9rito da Educa\u00e7\u00e3o F\u00edsica.<\/p>\n\n\n\n<p>O presidente do CREF13\/BA, Rog\u00e9rio Moura, destacou o feito com alegria: \u201cDesir\u00e9e \u00e9 um exemplo de excel\u00eancia no esporte e na atua\u00e7\u00e3o profissional. Parabenizamos por essa conquista hist\u00f3rica e desejamos longevidade, novas conquistas e muitos outros sonhos realizados.\u201d<\/p>\n\n\n\n<p>\ud83d\udcf8 Iarla Queiroz \/ Ag. A TARDE<\/p>\n","protected":false},"excerpt":{"rendered":"<p>A Profissional de Educa\u00e7\u00e3o F\u00edsica e nadadora Desir\u00e9e D\u00e1lia (CREF 000841-G\/BA) realizou, sozinha, a travessia Salvador\u2013Mar Grande (ida e volta), enfrentando quase nove horas de mar aberto, com chuva e correntezas. O feito marca sua 30\u00aa travessia e refor\u00e7a uma trajet\u00f3ria constru\u00edda com preparo, disciplina e orienta\u00e7\u00e3o profissional qualificada. Para Desir\u00e9e, o desafio vai al\u00e9m [&hellip;]<\/p>\n","protected":false},"author":3,"featured_media":12644,"comment_status":"closed","ping_status":"open","sticky":false,"template":"","format":"standard","meta":{"footnotes":""},"categories":[14],"tags":[],"class_list":["post-12643","post","type-post","status-publish","format-standard","has-post-thumbnail","hentry","category-noticias"],"_links":{"self":[{"href":"https:\/\/www.cref13.org.br\/cref13\/wp-json\/wp\/v2\/posts\/12643","targetHints":{"allow":["GET"]}}],"collection":[{"href":"https:\/\/www.cref13.org.br\/cref13\/wp-json\/wp\/v2\/posts"}],"about":[{"href":"https:\/\/www.cref13.org.br\/cref13\/wp-json\/wp\/v2\/types\/post"}],"author":[{"embeddable":true,"href":"https:\/\/www.cref13.org.br\/cref13\/wp-json\/wp\/v2\/users\/3"}],"replies":[{"embeddable":true,"href":"https:\/\/www.cref13.org.br\/cref13\/wp-json\/wp\/v2\/comments?post=12643"}],"version-history":[{"count":1,"href":"https:\/\/www.cref13.org.br\/cref13\/wp-json\/wp\/v2\/posts\/12643\/revisions"}],"predecessor-version":[{"id":12646,"href":"https:\/\/www.cref13.org.br\/cref13\/wp-json\/wp\/v2\/posts\/12643\/revisions\/12646"}],"wp:featuredmedia":[{"embeddable":true,"href":"https:\/\/www.cref13.org.br\/cref13\/wp-json\/wp\/v2\/media\/12644"}],"wp:attachment":[{"href":"https:\/\/www.cref13.org.br\/cref13\/wp-json\/wp\/v2\/media?parent=12643"}],"wp:term":[{"taxonomy":"category","embeddable":true,"href":"https:\/\/www.cref13.org.br\/cref13\/wp-json\/wp\/v2\/categories?post=12643"},{"taxonomy":"post_tag","embeddable":true,"href":"https:\/\/www.cref13.org.br\/cref13\/wp-json\/wp\/v2\/tags?post=12643"}],"curies":[{"name":"wp","href":"https:\/\/api.w.org\/{rel}","templated":true}]}}