{"id":12669,"date":"2026-02-02T12:17:05","date_gmt":"2026-02-02T15:17:05","guid":{"rendered":"https:\/\/www.cref13.org.br\/cref13\/?p=12669"},"modified":"2026-02-02T12:17:05","modified_gmt":"2026-02-02T15:17:05","slug":"em-fevereiro-o-desconto-na-anuidade-2026-para-profissionais-registrado-e-de-40","status":"publish","type":"post","link":"https:\/\/www.cref13.org.br\/cref13\/em-fevereiro-o-desconto-na-anuidade-2026-para-profissionais-registrado-e-de-40\/","title":{"rendered":"Em Fevereiro, o desconto na anuidade 2026 para profissionais registrado \u00e9 de 40%!"},"content":{"rendered":"\n<p>Anuidade 2026 &#8211; Profissional Registrado<\/p>\n\n\n\n<p>Em Fevereiro, Profissionais de Educa\u00e7\u00e3o F\u00edsica registrados no CREF13\/ BA t\u00eam 40% de desconto na anuidade.<\/p>\n\n\n\n<p>Aproveite at\u00e9 27\/02\/2026. Consulte detalhes no app CREF13\/BA ou em cref13.org.br.<\/p>\n","protected":false},"excerpt":{"rendered":"<p>Anuidade 2026 &#8211; Profissional Registrado Em Fevereiro, Profissionais de Educa\u00e7\u00e3o F\u00edsica registrados no CREF13\/ BA t\u00eam 40% de desconto na anuidade. Aproveite at\u00e9 27\/02\/2026. Consulte detalhes no app CREF13\/BA ou em cref13.org.br.<\/p>\n","protected":false},"author":3,"featured_media":12670,"comment_status":"closed","ping_status":"open","sticky":false,"template":"","format":"standard","meta":{"footnotes":""},"categories":[14],"tags":[],"class_list":["post-12669","post","type-post","status-publish","format-standard","has-post-thumbnail","hentry","category-noticias"],"_links":{"self":[{"href":"https:\/\/www.cref13.org.br\/cref13\/wp-json\/wp\/v2\/posts\/12669","targetHints":{"allow":["GET"]}}],"collection":[{"href":"https:\/\/www.cref13.org.br\/cref13\/wp-json\/wp\/v2\/posts"}],"about":[{"href":"https:\/\/www.cref13.org.br\/cref13\/wp-json\/wp\/v2\/types\/post"}],"author":[{"embeddable":true,"href":"https:\/\/www.cref13.org.br\/cref13\/wp-json\/wp\/v2\/users\/3"}],"replies":[{"embeddable":true,"href":"https:\/\/www.cref13.org.br\/cref13\/wp-json\/wp\/v2\/comments?post=12669"}],"version-history":[{"count":1,"href":"https:\/\/www.cref13.org.br\/cref13\/wp-json\/wp\/v2\/posts\/12669\/revisions"}],"predecessor-version":[{"id":12672,"href":"https:\/\/www.cref13.org.br\/cref13\/wp-json\/wp\/v2\/posts\/12669\/revisions\/12672"}],"wp:featuredmedia":[{"embeddable":true,"href":"https:\/\/www.cref13.org.br\/cref13\/wp-json\/wp\/v2\/media\/12670"}],"wp:attachment":[{"href":"https:\/\/www.cref13.org.br\/cref13\/wp-json\/wp\/v2\/media?parent=12669"}],"wp:term":[{"taxonomy":"category","embeddable":true,"href":"https:\/\/www.cref13.org.br\/cref13\/wp-json\/wp\/v2\/categories?post=12669"},{"taxonomy":"post_tag","embeddable":true,"href":"https:\/\/www.cref13.org.br\/cref13\/wp-json\/wp\/v2\/tags?post=12669"}],"curies":[{"name":"wp","href":"https:\/\/api.w.org\/{rel}","templated":true}]}}