{"id":12673,"date":"2026-02-02T12:18:02","date_gmt":"2026-02-02T15:18:02","guid":{"rendered":"https:\/\/www.cref13.org.br\/cref13\/?p=12673"},"modified":"2026-02-02T12:18:02","modified_gmt":"2026-02-02T15:18:02","slug":"dia-do-agente-fiscal-2","status":"publish","type":"post","link":"https:\/\/www.cref13.org.br\/cref13\/dia-do-agente-fiscal-2\/","title":{"rendered":"Dia do Agente Fiscal"},"content":{"rendered":"\n<p>Hoje celebramos o trabalho de quem est\u00e1 na linha de frente na defesa da sociedade e na valoriza\u00e7\u00e3o da Educa\u00e7\u00e3o F\u00edsica. No Dia do Agente Fiscal, o CREF13\/BA reconhece o papel estrat\u00e9gico desses profissionais, que atuam diariamente para garantir a legalidade do exerc\u00edcio profissional, orientar estabelecimentos e fortalecer a credibilidade da nossa \u00e1rea em todo o estado da Bahia.<\/p>\n\n\n\n<p>A atua\u00e7\u00e3o dos agentes de fiscaliza\u00e7\u00e3o vai al\u00e9m do cumprimento da norma: ela contribui diretamente para a qualidade dos servi\u00e7os prestados \u00e0 popula\u00e7\u00e3o, promove a \u00e9tica profissional e assegura que a Educa\u00e7\u00e3o F\u00edsica seja exercida por profissionais devidamente habilitados e comprometidos com a sa\u00fade, o bem-estar e a seguran\u00e7a da sociedade.<\/p>\n\n\n\n<p>\u201cO agente de fiscaliza\u00e7\u00e3o \u00e9 um dos pilares fundamentais para a valoriza\u00e7\u00e3o da Educa\u00e7\u00e3o F\u00edsica e para a prote\u00e7\u00e3o da sociedade. Seu trabalho fortalece a confian\u00e7a da popula\u00e7\u00e3o na nossa profiss\u00e3o e garante que os servi\u00e7os oferecidos sejam pautados pela legalidade, pela responsabilidade e pela qualifica\u00e7\u00e3o profissional\u201d, destaca o presidente do CREF13\/BA, Rog\u00e9rio Moura.<\/p>\n","protected":false},"excerpt":{"rendered":"<p>Hoje celebramos o trabalho de quem est\u00e1 na linha de frente na defesa da sociedade e na valoriza\u00e7\u00e3o da Educa\u00e7\u00e3o F\u00edsica. No Dia do Agente Fiscal, o CREF13\/BA reconhece o papel estrat\u00e9gico desses profissionais, que atuam diariamente para garantir a legalidade do exerc\u00edcio profissional, orientar estabelecimentos e fortalecer a credibilidade da nossa \u00e1rea em todo [&hellip;]<\/p>\n","protected":false},"author":3,"featured_media":12671,"comment_status":"closed","ping_status":"open","sticky":false,"template":"","format":"standard","meta":{"footnotes":""},"categories":[14],"tags":[],"class_list":["post-12673","post","type-post","status-publish","format-standard","has-post-thumbnail","hentry","category-noticias"],"_links":{"self":[{"href":"https:\/\/www.cref13.org.br\/cref13\/wp-json\/wp\/v2\/posts\/12673","targetHints":{"allow":["GET"]}}],"collection":[{"href":"https:\/\/www.cref13.org.br\/cref13\/wp-json\/wp\/v2\/posts"}],"about":[{"href":"https:\/\/www.cref13.org.br\/cref13\/wp-json\/wp\/v2\/types\/post"}],"author":[{"embeddable":true,"href":"https:\/\/www.cref13.org.br\/cref13\/wp-json\/wp\/v2\/users\/3"}],"replies":[{"embeddable":true,"href":"https:\/\/www.cref13.org.br\/cref13\/wp-json\/wp\/v2\/comments?post=12673"}],"version-history":[{"count":1,"href":"https:\/\/www.cref13.org.br\/cref13\/wp-json\/wp\/v2\/posts\/12673\/revisions"}],"predecessor-version":[{"id":12674,"href":"https:\/\/www.cref13.org.br\/cref13\/wp-json\/wp\/v2\/posts\/12673\/revisions\/12674"}],"wp:featuredmedia":[{"embeddable":true,"href":"https:\/\/www.cref13.org.br\/cref13\/wp-json\/wp\/v2\/media\/12671"}],"wp:attachment":[{"href":"https:\/\/www.cref13.org.br\/cref13\/wp-json\/wp\/v2\/media?parent=12673"}],"wp:term":[{"taxonomy":"category","embeddable":true,"href":"https:\/\/www.cref13.org.br\/cref13\/wp-json\/wp\/v2\/categories?post=12673"},{"taxonomy":"post_tag","embeddable":true,"href":"https:\/\/www.cref13.org.br\/cref13\/wp-json\/wp\/v2\/tags?post=12673"}],"curies":[{"name":"wp","href":"https:\/\/api.w.org\/{rel}","templated":true}]}}