{"id":12715,"date":"2026-02-06T19:45:00","date_gmt":"2026-02-06T22:45:00","guid":{"rendered":"https:\/\/www.cref13.org.br\/cref13\/?p=12715"},"modified":"2026-02-09T08:47:56","modified_gmt":"2026-02-09T11:47:56","slug":"vitoria-da-educacao-fisica-2","status":"publish","type":"post","link":"https:\/\/www.cref13.org.br\/cref13\/vitoria-da-educacao-fisica-2\/","title":{"rendered":"VIT\u00d3RIA DA EDUCA\u00c7\u00c3O F\u00cdSICA!"},"content":{"rendered":"\n<p>A Justi\u00e7a Federal negou o pedido de atribui\u00e7\u00e3o de efeito suspensivo apresentado pela Confedera\u00e7\u00e3o Brasileira de Muscula\u00e7\u00e3o, Fisiculturismo e Fitness (CBMF) e manteve a decis\u00e3o que suspendeu a promo\u00e7\u00e3o e a comercializa\u00e7\u00e3o de cursos voltados \u00e0 habilita\u00e7\u00e3o de pessoas sem registro no Sistema CONFEF\/CREFs para atuar como personal trainer e instrutor de muscula\u00e7\u00e3o.<\/p>\n\n\n\n<p>A decis\u00e3o, proferida em 05\/02, reafirma que atividades ligadas ao condicionamento f\u00edsico e \u00e0 sa\u00fade exigem forma\u00e7\u00e3o superior e registro profissional, e que a medida \u00e9 necess\u00e1ria para prevenir riscos \u00e0 sa\u00fade p\u00fablica e garantir o cumprimento da legisla\u00e7\u00e3o que regula a profiss\u00e3o de Educa\u00e7\u00e3o F\u00edsica.<\/p>\n\n\n\n<p>O Sistema CONFEF\/CREFs segue atuando na defesa da sociedade, da legalidade e da valoriza\u00e7\u00e3o dos Profissionais de Educa\u00e7\u00e3o F\u00edsica.<\/p>\n\n\n\n<p>Entenda a decis\u00e3o em confef.org.br<\/p>\n","protected":false},"excerpt":{"rendered":"<p>A Justi\u00e7a Federal negou o pedido de atribui\u00e7\u00e3o de efeito suspensivo apresentado pela Confedera\u00e7\u00e3o Brasileira de Muscula\u00e7\u00e3o, Fisiculturismo e Fitness (CBMF) e manteve a decis\u00e3o que suspendeu a promo\u00e7\u00e3o e a comercializa\u00e7\u00e3o de cursos voltados \u00e0 habilita\u00e7\u00e3o de pessoas sem registro no Sistema CONFEF\/CREFs para atuar como personal trainer e instrutor de muscula\u00e7\u00e3o. A decis\u00e3o, [&hellip;]<\/p>\n","protected":false},"author":3,"featured_media":12716,"comment_status":"closed","ping_status":"open","sticky":false,"template":"","format":"standard","meta":{"footnotes":""},"categories":[14],"tags":[],"class_list":["post-12715","post","type-post","status-publish","format-standard","has-post-thumbnail","hentry","category-noticias"],"_links":{"self":[{"href":"https:\/\/www.cref13.org.br\/cref13\/wp-json\/wp\/v2\/posts\/12715","targetHints":{"allow":["GET"]}}],"collection":[{"href":"https:\/\/www.cref13.org.br\/cref13\/wp-json\/wp\/v2\/posts"}],"about":[{"href":"https:\/\/www.cref13.org.br\/cref13\/wp-json\/wp\/v2\/types\/post"}],"author":[{"embeddable":true,"href":"https:\/\/www.cref13.org.br\/cref13\/wp-json\/wp\/v2\/users\/3"}],"replies":[{"embeddable":true,"href":"https:\/\/www.cref13.org.br\/cref13\/wp-json\/wp\/v2\/comments?post=12715"}],"version-history":[{"count":1,"href":"https:\/\/www.cref13.org.br\/cref13\/wp-json\/wp\/v2\/posts\/12715\/revisions"}],"predecessor-version":[{"id":12717,"href":"https:\/\/www.cref13.org.br\/cref13\/wp-json\/wp\/v2\/posts\/12715\/revisions\/12717"}],"wp:featuredmedia":[{"embeddable":true,"href":"https:\/\/www.cref13.org.br\/cref13\/wp-json\/wp\/v2\/media\/12716"}],"wp:attachment":[{"href":"https:\/\/www.cref13.org.br\/cref13\/wp-json\/wp\/v2\/media?parent=12715"}],"wp:term":[{"taxonomy":"category","embeddable":true,"href":"https:\/\/www.cref13.org.br\/cref13\/wp-json\/wp\/v2\/categories?post=12715"},{"taxonomy":"post_tag","embeddable":true,"href":"https:\/\/www.cref13.org.br\/cref13\/wp-json\/wp\/v2\/tags?post=12715"}],"curies":[{"name":"wp","href":"https:\/\/api.w.org\/{rel}","templated":true}]}}