{"id":12718,"date":"2026-02-09T08:49:33","date_gmt":"2026-02-09T11:49:33","guid":{"rendered":"https:\/\/www.cref13.org.br\/cref13\/?p=12718"},"modified":"2026-02-09T08:49:33","modified_gmt":"2026-02-09T11:49:33","slug":"operacao-interdita-duas-academias-em-sao-sebastiao-do-passe","status":"publish","type":"post","link":"https:\/\/www.cref13.org.br\/cref13\/operacao-interdita-duas-academias-em-sao-sebastiao-do-passe\/","title":{"rendered":"Opera\u00e7\u00e3o interdita duas academias em S\u00e3o Sebasti\u00e3o do Pass\u00e9"},"content":{"rendered":"\n<p>Durante a Opera\u00e7\u00e3o Academia Legal, o Departamento de Orienta\u00e7\u00e3o e Fiscaliza\u00e7\u00e3o do CREF13\/BA interditou duas academias no munic\u00edpio de S\u00e3o Sebasti\u00e3o do Pass\u00e9 em raz\u00e3o de irregularidades, em conformidade com as Leis Federais n\u00ba 9.696\/98, n\u00ba 14.386\/22 e n\u00ba 6.839\/80.<\/p>\n\n\n\n<p>A a\u00e7\u00e3o refor\u00e7a o compromisso do Conselho em garantir que a popula\u00e7\u00e3o seja atendida por Profissionais de Educa\u00e7\u00e3o F\u00edsica devidamente registrados e qualificados, promovendo a \u00e9tica, a legalidade e a valoriza\u00e7\u00e3o da Educa\u00e7\u00e3o F\u00edsica em todo o estado da Bahia.<\/p>\n","protected":false},"excerpt":{"rendered":"<p>Durante a Opera\u00e7\u00e3o Academia Legal, o Departamento de Orienta\u00e7\u00e3o e Fiscaliza\u00e7\u00e3o do CREF13\/BA interditou duas academias no munic\u00edpio de S\u00e3o Sebasti\u00e3o do Pass\u00e9 em raz\u00e3o de irregularidades, em conformidade com as Leis Federais n\u00ba 9.696\/98, n\u00ba 14.386\/22 e n\u00ba 6.839\/80. A a\u00e7\u00e3o refor\u00e7a o compromisso do Conselho em garantir que a popula\u00e7\u00e3o seja atendida por [&hellip;]<\/p>\n","protected":false},"author":3,"featured_media":12719,"comment_status":"closed","ping_status":"open","sticky":false,"template":"","format":"standard","meta":{"footnotes":""},"categories":[14],"tags":[],"class_list":["post-12718","post","type-post","status-publish","format-standard","has-post-thumbnail","hentry","category-noticias"],"_links":{"self":[{"href":"https:\/\/www.cref13.org.br\/cref13\/wp-json\/wp\/v2\/posts\/12718","targetHints":{"allow":["GET"]}}],"collection":[{"href":"https:\/\/www.cref13.org.br\/cref13\/wp-json\/wp\/v2\/posts"}],"about":[{"href":"https:\/\/www.cref13.org.br\/cref13\/wp-json\/wp\/v2\/types\/post"}],"author":[{"embeddable":true,"href":"https:\/\/www.cref13.org.br\/cref13\/wp-json\/wp\/v2\/users\/3"}],"replies":[{"embeddable":true,"href":"https:\/\/www.cref13.org.br\/cref13\/wp-json\/wp\/v2\/comments?post=12718"}],"version-history":[{"count":1,"href":"https:\/\/www.cref13.org.br\/cref13\/wp-json\/wp\/v2\/posts\/12718\/revisions"}],"predecessor-version":[{"id":12720,"href":"https:\/\/www.cref13.org.br\/cref13\/wp-json\/wp\/v2\/posts\/12718\/revisions\/12720"}],"wp:featuredmedia":[{"embeddable":true,"href":"https:\/\/www.cref13.org.br\/cref13\/wp-json\/wp\/v2\/media\/12719"}],"wp:attachment":[{"href":"https:\/\/www.cref13.org.br\/cref13\/wp-json\/wp\/v2\/media?parent=12718"}],"wp:term":[{"taxonomy":"category","embeddable":true,"href":"https:\/\/www.cref13.org.br\/cref13\/wp-json\/wp\/v2\/categories?post=12718"},{"taxonomy":"post_tag","embeddable":true,"href":"https:\/\/www.cref13.org.br\/cref13\/wp-json\/wp\/v2\/tags?post=12718"}],"curies":[{"name":"wp","href":"https:\/\/api.w.org\/{rel}","templated":true}]}}