{"id":12721,"date":"2026-02-10T14:34:37","date_gmt":"2026-02-10T17:34:37","guid":{"rendered":"https:\/\/www.cref13.org.br\/cref13\/?p=12721"},"modified":"2026-02-10T14:34:37","modified_gmt":"2026-02-10T17:34:37","slug":"dia-do-atleta-profissional-2","status":"publish","type":"post","link":"https:\/\/www.cref13.org.br\/cref13\/dia-do-atleta-profissional-2\/","title":{"rendered":"Dia do Atleta Profissional!"},"content":{"rendered":"\n<p>O desempenho de um atleta profissional n\u00e3o depende apenas de talento. Por tr\u00e1s de cada marca, cada p\u00f3dio e cada supera\u00e7\u00e3o existe planejamento, periodiza\u00e7\u00e3o e acompanhamento t\u00e9cnico. O Profissional de Educa\u00e7\u00e3o F\u00edsica \u00e9 o respons\u00e1vel por estruturar o treinamento com seguran\u00e7a, efici\u00eancia e objetivo esportivo. Valorizar o atleta tamb\u00e9m \u00e9 reconhecer quem garante que ele alcance o m\u00e1ximo desempenho sem colocar sua sa\u00fade em risco.<\/p>\n\n\n\n<p>Neste Dia do Atleta Profissional, o CREF13\/BA refor\u00e7a: esporte de alto rendimento exige orienta\u00e7\u00e3o qualificada.<\/p>\n\n\n\n<p>Atleta, escolha sempre um profissional registrado no CREF.<\/p>\n","protected":false},"excerpt":{"rendered":"<p>O desempenho de um atleta profissional n\u00e3o depende apenas de talento. Por tr\u00e1s de cada marca, cada p\u00f3dio e cada supera\u00e7\u00e3o existe planejamento, periodiza\u00e7\u00e3o e acompanhamento t\u00e9cnico. O Profissional de Educa\u00e7\u00e3o F\u00edsica \u00e9 o respons\u00e1vel por estruturar o treinamento com seguran\u00e7a, efici\u00eancia e objetivo esportivo. Valorizar o atleta tamb\u00e9m \u00e9 reconhecer quem garante que ele [&hellip;]<\/p>\n","protected":false},"author":3,"featured_media":12723,"comment_status":"closed","ping_status":"open","sticky":false,"template":"","format":"standard","meta":{"footnotes":""},"categories":[14],"tags":[],"class_list":["post-12721","post","type-post","status-publish","format-standard","has-post-thumbnail","hentry","category-noticias"],"_links":{"self":[{"href":"https:\/\/www.cref13.org.br\/cref13\/wp-json\/wp\/v2\/posts\/12721","targetHints":{"allow":["GET"]}}],"collection":[{"href":"https:\/\/www.cref13.org.br\/cref13\/wp-json\/wp\/v2\/posts"}],"about":[{"href":"https:\/\/www.cref13.org.br\/cref13\/wp-json\/wp\/v2\/types\/post"}],"author":[{"embeddable":true,"href":"https:\/\/www.cref13.org.br\/cref13\/wp-json\/wp\/v2\/users\/3"}],"replies":[{"embeddable":true,"href":"https:\/\/www.cref13.org.br\/cref13\/wp-json\/wp\/v2\/comments?post=12721"}],"version-history":[{"count":1,"href":"https:\/\/www.cref13.org.br\/cref13\/wp-json\/wp\/v2\/posts\/12721\/revisions"}],"predecessor-version":[{"id":12724,"href":"https:\/\/www.cref13.org.br\/cref13\/wp-json\/wp\/v2\/posts\/12721\/revisions\/12724"}],"wp:featuredmedia":[{"embeddable":true,"href":"https:\/\/www.cref13.org.br\/cref13\/wp-json\/wp\/v2\/media\/12723"}],"wp:attachment":[{"href":"https:\/\/www.cref13.org.br\/cref13\/wp-json\/wp\/v2\/media?parent=12721"}],"wp:term":[{"taxonomy":"category","embeddable":true,"href":"https:\/\/www.cref13.org.br\/cref13\/wp-json\/wp\/v2\/categories?post=12721"},{"taxonomy":"post_tag","embeddable":true,"href":"https:\/\/www.cref13.org.br\/cref13\/wp-json\/wp\/v2\/tags?post=12721"}],"curies":[{"name":"wp","href":"https:\/\/api.w.org\/{rel}","templated":true}]}}