{"id":12732,"date":"2026-02-12T08:01:00","date_gmt":"2026-02-12T11:01:00","guid":{"rendered":"https:\/\/www.cref13.org.br\/cref13\/?p=12732"},"modified":"2026-02-12T11:02:30","modified_gmt":"2026-02-12T14:02:30","slug":"comunicado-10","status":"publish","type":"post","link":"https:\/\/www.cref13.org.br\/cref13\/comunicado-10\/","title":{"rendered":"Comunicado!"},"content":{"rendered":"\n<p>Informamos que, em raz\u00e3o do recesso de Carnaval, n\u00e3o haver\u00e1 expediente no CREF13\/BA no per\u00edodo de 13 a 18 de fevereiro de 2026, conforme a Portaria CREF13\/BA n\u00ba 325\/2026.<\/p>\n\n\n\n<p>Todas as atividades administrativas, internas e externas, estar\u00e3o suspensas nessas datas, com retomada do atendimento normal no dia 19 de fevereiro de 2026.<\/p>\n\n\n\n<p><\/p>\n","protected":false},"excerpt":{"rendered":"<p>Informamos que, em raz\u00e3o do recesso de Carnaval, n\u00e3o haver\u00e1 expediente no CREF13\/BA no per\u00edodo de 13 a 18 de fevereiro de 2026, conforme a Portaria CREF13\/BA n\u00ba 325\/2026. Todas as atividades administrativas, internas e externas, estar\u00e3o suspensas nessas datas, com retomada do atendimento normal no dia 19 de fevereiro de 2026.<\/p>\n","protected":false},"author":3,"featured_media":12733,"comment_status":"closed","ping_status":"open","sticky":false,"template":"","format":"standard","meta":{"footnotes":""},"categories":[14],"tags":[],"class_list":["post-12732","post","type-post","status-publish","format-standard","has-post-thumbnail","hentry","category-noticias"],"_links":{"self":[{"href":"https:\/\/www.cref13.org.br\/cref13\/wp-json\/wp\/v2\/posts\/12732","targetHints":{"allow":["GET"]}}],"collection":[{"href":"https:\/\/www.cref13.org.br\/cref13\/wp-json\/wp\/v2\/posts"}],"about":[{"href":"https:\/\/www.cref13.org.br\/cref13\/wp-json\/wp\/v2\/types\/post"}],"author":[{"embeddable":true,"href":"https:\/\/www.cref13.org.br\/cref13\/wp-json\/wp\/v2\/users\/3"}],"replies":[{"embeddable":true,"href":"https:\/\/www.cref13.org.br\/cref13\/wp-json\/wp\/v2\/comments?post=12732"}],"version-history":[{"count":1,"href":"https:\/\/www.cref13.org.br\/cref13\/wp-json\/wp\/v2\/posts\/12732\/revisions"}],"predecessor-version":[{"id":12734,"href":"https:\/\/www.cref13.org.br\/cref13\/wp-json\/wp\/v2\/posts\/12732\/revisions\/12734"}],"wp:featuredmedia":[{"embeddable":true,"href":"https:\/\/www.cref13.org.br\/cref13\/wp-json\/wp\/v2\/media\/12733"}],"wp:attachment":[{"href":"https:\/\/www.cref13.org.br\/cref13\/wp-json\/wp\/v2\/media?parent=12732"}],"wp:term":[{"taxonomy":"category","embeddable":true,"href":"https:\/\/www.cref13.org.br\/cref13\/wp-json\/wp\/v2\/categories?post=12732"},{"taxonomy":"post_tag","embeddable":true,"href":"https:\/\/www.cref13.org.br\/cref13\/wp-json\/wp\/v2\/tags?post=12732"}],"curies":[{"name":"wp","href":"https:\/\/api.w.org\/{rel}","templated":true}]}}