{"id":12742,"date":"2026-02-19T07:39:00","date_gmt":"2026-02-19T10:39:00","guid":{"rendered":"https:\/\/www.cref13.org.br\/cref13\/?p=12742"},"modified":"2026-02-19T13:40:40","modified_gmt":"2026-02-19T16:40:40","slug":"2-academias-sao-interditadas-no-interior-da-bahia-durante-operacao-do-cref13-ba","status":"publish","type":"post","link":"https:\/\/www.cref13.org.br\/cref13\/2-academias-sao-interditadas-no-interior-da-bahia-durante-operacao-do-cref13-ba\/","title":{"rendered":"2 academias s\u00e3o interditadas no interior da Bahia durante opera\u00e7\u00e3o do CREF13\/BA"},"content":{"rendered":"\n<p>Durante a Opera\u00e7\u00e3o Academia Legal, o Departamento de Orienta\u00e7\u00e3o e Fiscaliza\u00e7\u00e3o do CREF13\/BA interditou duas academias, uma no munic\u00edpio de Presidente Dutra e outra em Retirol\u00e2ndia, em raz\u00e3o de irregularidades, conforme as Leis Federais n\u00ba 9.696\/98, n\u00ba 14.386\/22 e n\u00ba 6.839\/80.<\/p>\n\n\n\n<p>A a\u00e7\u00e3o refor\u00e7a o compromisso do Conselho em assegurar que a popula\u00e7\u00e3o seja atendida por Profissionais de Educa\u00e7\u00e3o F\u00edsica devidamente registrados e habilitados, promovendo a legalidade, a \u00e9tica profissional e a valoriza\u00e7\u00e3o da Educa\u00e7\u00e3o F\u00edsica em todo o estado da Bahia.<\/p>\n\n\n\n<p>\u201cO CREF13\/BA atua de forma permanente em todos os munic\u00edpios baianos. A participa\u00e7\u00e3o da sociedade \u00e9 fundamental para que possamos continuar apurando den\u00fancias e protegendo a popula\u00e7\u00e3o. Em caso de suspeitas, denuncie por meio do site cref13.org.br\u201d, destacou o presidente do Conselho.<\/p>\n\n\n\n<p><\/p>\n","protected":false},"excerpt":{"rendered":"<p>Durante a Opera\u00e7\u00e3o Academia Legal, o Departamento de Orienta\u00e7\u00e3o e Fiscaliza\u00e7\u00e3o do CREF13\/BA interditou duas academias, uma no munic\u00edpio de Presidente Dutra e outra em Retirol\u00e2ndia, em raz\u00e3o de irregularidades, conforme as Leis Federais n\u00ba 9.696\/98, n\u00ba 14.386\/22 e n\u00ba 6.839\/80. A a\u00e7\u00e3o refor\u00e7a o compromisso do Conselho em assegurar que a popula\u00e7\u00e3o seja atendida [&hellip;]<\/p>\n","protected":false},"author":3,"featured_media":12743,"comment_status":"closed","ping_status":"open","sticky":false,"template":"","format":"standard","meta":{"footnotes":""},"categories":[14],"tags":[],"class_list":["post-12742","post","type-post","status-publish","format-standard","has-post-thumbnail","hentry","category-noticias"],"_links":{"self":[{"href":"https:\/\/www.cref13.org.br\/cref13\/wp-json\/wp\/v2\/posts\/12742","targetHints":{"allow":["GET"]}}],"collection":[{"href":"https:\/\/www.cref13.org.br\/cref13\/wp-json\/wp\/v2\/posts"}],"about":[{"href":"https:\/\/www.cref13.org.br\/cref13\/wp-json\/wp\/v2\/types\/post"}],"author":[{"embeddable":true,"href":"https:\/\/www.cref13.org.br\/cref13\/wp-json\/wp\/v2\/users\/3"}],"replies":[{"embeddable":true,"href":"https:\/\/www.cref13.org.br\/cref13\/wp-json\/wp\/v2\/comments?post=12742"}],"version-history":[{"count":1,"href":"https:\/\/www.cref13.org.br\/cref13\/wp-json\/wp\/v2\/posts\/12742\/revisions"}],"predecessor-version":[{"id":12744,"href":"https:\/\/www.cref13.org.br\/cref13\/wp-json\/wp\/v2\/posts\/12742\/revisions\/12744"}],"wp:featuredmedia":[{"embeddable":true,"href":"https:\/\/www.cref13.org.br\/cref13\/wp-json\/wp\/v2\/media\/12743"}],"wp:attachment":[{"href":"https:\/\/www.cref13.org.br\/cref13\/wp-json\/wp\/v2\/media?parent=12742"}],"wp:term":[{"taxonomy":"category","embeddable":true,"href":"https:\/\/www.cref13.org.br\/cref13\/wp-json\/wp\/v2\/categories?post=12742"},{"taxonomy":"post_tag","embeddable":true,"href":"https:\/\/www.cref13.org.br\/cref13\/wp-json\/wp\/v2\/tags?post=12742"}],"curies":[{"name":"wp","href":"https:\/\/api.w.org\/{rel}","templated":true}]}}