{"id":12761,"date":"2026-02-20T10:10:49","date_gmt":"2026-02-20T13:10:49","guid":{"rendered":"https:\/\/www.cref13.org.br\/cref13\/?p=12761"},"modified":"2026-02-23T10:13:33","modified_gmt":"2026-02-23T13:13:33","slug":"mais-emprego-e-renda-no-municipio-de-valente-na-bahia","status":"publish","type":"post","link":"https:\/\/www.cref13.org.br\/cref13\/mais-emprego-e-renda-no-municipio-de-valente-na-bahia\/","title":{"rendered":"Mais emprego e renda no Munic\u00edpio de Valente na Bahia!"},"content":{"rendered":"\n<p>O Conselho Regional de Educa\u00e7\u00e3o F\u00edsica da 13\u00aa Regi\u00e3o \u2013 CREF13\/BA obteve decis\u00e3o liminar favor\u00e1vel em A\u00e7\u00e3o Civil P\u00fablica ajuizada contra o Munic\u00edpio de Valente\/BA, referente ao Edital n\u00ba 001\/2024 do concurso p\u00fablico para os cargos de Professor II \u2013 Educa\u00e7\u00e3o F\u00edsica (CDI 06 e CDI 07).<\/p>\n\n\n\n<p>A decis\u00e3o determina que o Munic\u00edpio passe a exigir, no ato da admiss\u00e3o\/investidura\/posse, a comprova\u00e7\u00e3o de inscri\u00e7\u00e3o regular e ativa no CREF13\/BA, al\u00e9m da apresenta\u00e7\u00e3o de diploma de Licenciatura em Educa\u00e7\u00e3o F\u00edsica, expedido por institui\u00e7\u00e3o de ensino superior devidamente reconhecida pelo MEC. Tamb\u00e9m ficou estabelecido que candidatos que apresentem apenas Bacharelado n\u00e3o poder\u00e3o ser admitidos para os referidos cargos.<\/p>\n\n\n\n<p>Com a medida, a Justi\u00e7a reconhece a necessidade de cumprimento da legisla\u00e7\u00e3o que regulamenta o exerc\u00edcio profissional da Educa\u00e7\u00e3o F\u00edsica no ambiente escolar, assegurando que as vagas sejam ocupadas por profissionais devidamente habilitados.<\/p>\n\n\n\n<p>Para o presidente do CREF13\/BA, a atua\u00e7\u00e3o jur\u00eddica do Conselho tem impacto direto na valoriza\u00e7\u00e3o da categoria. \u201cQuando fiscalizamos editais e exigimos o cumprimento da legisla\u00e7\u00e3o, estamos protegendo o mundo do trabalho da Educa\u00e7\u00e3o F\u00edsica. Isso significa mais seguran\u00e7a jur\u00eddica, mais oportunidades de emprego e mais gera\u00e7\u00e3o de renda para os profissionais que est\u00e3o devidamente habilitados e registrados\u201d, afirmou.<\/p>\n\n\n\n<p>O CREF13\/BA seguir\u00e1 acompanhando o cumprimento da decis\u00e3o e continuar\u00e1 atuando de forma firme na an\u00e1lise de concursos p\u00fablicos em todo o estado, garantindo que os direitos da categoria sejam respeitados.<\/p>\n","protected":false},"excerpt":{"rendered":"<p>O Conselho Regional de Educa\u00e7\u00e3o F\u00edsica da 13\u00aa Regi\u00e3o \u2013 CREF13\/BA obteve decis\u00e3o liminar favor\u00e1vel em A\u00e7\u00e3o Civil P\u00fablica ajuizada contra o Munic\u00edpio de Valente\/BA, referente ao Edital n\u00ba 001\/2024 do concurso p\u00fablico para os cargos de Professor II \u2013 Educa\u00e7\u00e3o F\u00edsica (CDI 06 e CDI 07). A decis\u00e3o determina que o Munic\u00edpio passe a [&hellip;]<\/p>\n","protected":false},"author":3,"featured_media":12762,"comment_status":"closed","ping_status":"open","sticky":false,"template":"","format":"standard","meta":{"footnotes":""},"categories":[14],"tags":[],"class_list":["post-12761","post","type-post","status-publish","format-standard","has-post-thumbnail","hentry","category-noticias"],"_links":{"self":[{"href":"https:\/\/www.cref13.org.br\/cref13\/wp-json\/wp\/v2\/posts\/12761","targetHints":{"allow":["GET"]}}],"collection":[{"href":"https:\/\/www.cref13.org.br\/cref13\/wp-json\/wp\/v2\/posts"}],"about":[{"href":"https:\/\/www.cref13.org.br\/cref13\/wp-json\/wp\/v2\/types\/post"}],"author":[{"embeddable":true,"href":"https:\/\/www.cref13.org.br\/cref13\/wp-json\/wp\/v2\/users\/3"}],"replies":[{"embeddable":true,"href":"https:\/\/www.cref13.org.br\/cref13\/wp-json\/wp\/v2\/comments?post=12761"}],"version-history":[{"count":1,"href":"https:\/\/www.cref13.org.br\/cref13\/wp-json\/wp\/v2\/posts\/12761\/revisions"}],"predecessor-version":[{"id":12763,"href":"https:\/\/www.cref13.org.br\/cref13\/wp-json\/wp\/v2\/posts\/12761\/revisions\/12763"}],"wp:featuredmedia":[{"embeddable":true,"href":"https:\/\/www.cref13.org.br\/cref13\/wp-json\/wp\/v2\/media\/12762"}],"wp:attachment":[{"href":"https:\/\/www.cref13.org.br\/cref13\/wp-json\/wp\/v2\/media?parent=12761"}],"wp:term":[{"taxonomy":"category","embeddable":true,"href":"https:\/\/www.cref13.org.br\/cref13\/wp-json\/wp\/v2\/categories?post=12761"},{"taxonomy":"post_tag","embeddable":true,"href":"https:\/\/www.cref13.org.br\/cref13\/wp-json\/wp\/v2\/tags?post=12761"}],"curies":[{"name":"wp","href":"https:\/\/api.w.org\/{rel}","templated":true}]}}