{"id":12764,"date":"2026-02-23T10:14:29","date_gmt":"2026-02-23T13:14:29","guid":{"rendered":"https:\/\/www.cref13.org.br\/cref13\/?p=12764"},"modified":"2026-02-23T10:14:29","modified_gmt":"2026-02-23T13:14:29","slug":"mais-profissionais-de-educacao-fisica-registrados-em-taperoa-atuando-nas-escolas","status":"publish","type":"post","link":"https:\/\/www.cref13.org.br\/cref13\/mais-profissionais-de-educacao-fisica-registrados-em-taperoa-atuando-nas-escolas\/","title":{"rendered":"Mais Profissionais de Educa\u00e7\u00e3o F\u00edsica registrados em Tapero\u00e1 atuando nas escolas!"},"content":{"rendered":"\n<p>O Conselho Regional de Educa\u00e7\u00e3o F\u00edsica da 13\u00aa Regi\u00e3o \u2013 CREF13\/BA obteve decis\u00e3o favor\u00e1vel em A\u00e7\u00e3o Civil P\u00fablica contra o Munic\u00edpio de Tapero\u00e1\/BA, referente ao Concurso P\u00fablico Edital n\u00ba 001\/2025.<\/p>\n\n\n\n<p>A Justi\u00e7a determinou que o edital seja retificado, no prazo de 30 dias, para incluir como requisito para a posse no cargo de Professor II \u2013 Licenciatura em Educa\u00e7\u00e3o F\u00edsica (C\u00f3digo 203) a comprova\u00e7\u00e3o de inscri\u00e7\u00e3o regular e ativa no CREF13\/BA, al\u00e9m do diploma de Licenciatura expedido por institui\u00e7\u00e3o reconhecida pelo MEC. A retifica\u00e7\u00e3o dever\u00e1 ser divulgada nos mesmos canais do edital original.<\/p>\n\n\n\n<p>A medida assegura que a Educa\u00e7\u00e3o F\u00edsica no ambiente escolar seja exercida por profissionais devidamente habilitados e registrados.<\/p>\n\n\n\n<p>Para o presidente do CREF13\/BA, a fiscaliza\u00e7\u00e3o dos concursos \u00e9 fundamental para a categoria. \u201cQuando exigimos o cumprimento da legisla\u00e7\u00e3o nos editais, protegemos a \u00e1rea de interven\u00e7\u00e3o profissional da Educa\u00e7\u00e3o F\u00edsica, ampliamos as oportunidades de emprego e garantimos gera\u00e7\u00e3o de renda para os profissionais que atuam dentro da legalidade.\u201d<\/p>\n","protected":false},"excerpt":{"rendered":"<p>O Conselho Regional de Educa\u00e7\u00e3o F\u00edsica da 13\u00aa Regi\u00e3o \u2013 CREF13\/BA obteve decis\u00e3o favor\u00e1vel em A\u00e7\u00e3o Civil P\u00fablica contra o Munic\u00edpio de Tapero\u00e1\/BA, referente ao Concurso P\u00fablico Edital n\u00ba 001\/2025. A Justi\u00e7a determinou que o edital seja retificado, no prazo de 30 dias, para incluir como requisito para a posse no cargo de Professor II [&hellip;]<\/p>\n","protected":false},"author":3,"featured_media":12765,"comment_status":"closed","ping_status":"open","sticky":false,"template":"","format":"standard","meta":{"footnotes":""},"categories":[14],"tags":[],"class_list":["post-12764","post","type-post","status-publish","format-standard","has-post-thumbnail","hentry","category-noticias"],"_links":{"self":[{"href":"https:\/\/www.cref13.org.br\/cref13\/wp-json\/wp\/v2\/posts\/12764","targetHints":{"allow":["GET"]}}],"collection":[{"href":"https:\/\/www.cref13.org.br\/cref13\/wp-json\/wp\/v2\/posts"}],"about":[{"href":"https:\/\/www.cref13.org.br\/cref13\/wp-json\/wp\/v2\/types\/post"}],"author":[{"embeddable":true,"href":"https:\/\/www.cref13.org.br\/cref13\/wp-json\/wp\/v2\/users\/3"}],"replies":[{"embeddable":true,"href":"https:\/\/www.cref13.org.br\/cref13\/wp-json\/wp\/v2\/comments?post=12764"}],"version-history":[{"count":1,"href":"https:\/\/www.cref13.org.br\/cref13\/wp-json\/wp\/v2\/posts\/12764\/revisions"}],"predecessor-version":[{"id":12766,"href":"https:\/\/www.cref13.org.br\/cref13\/wp-json\/wp\/v2\/posts\/12764\/revisions\/12766"}],"wp:featuredmedia":[{"embeddable":true,"href":"https:\/\/www.cref13.org.br\/cref13\/wp-json\/wp\/v2\/media\/12765"}],"wp:attachment":[{"href":"https:\/\/www.cref13.org.br\/cref13\/wp-json\/wp\/v2\/media?parent=12764"}],"wp:term":[{"taxonomy":"category","embeddable":true,"href":"https:\/\/www.cref13.org.br\/cref13\/wp-json\/wp\/v2\/categories?post=12764"},{"taxonomy":"post_tag","embeddable":true,"href":"https:\/\/www.cref13.org.br\/cref13\/wp-json\/wp\/v2\/tags?post=12764"}],"curies":[{"name":"wp","href":"https:\/\/api.w.org\/{rel}","templated":true}]}}