{"id":12780,"date":"2026-02-27T08:46:18","date_gmt":"2026-02-27T11:46:18","guid":{"rendered":"https:\/\/www.cref13.org.br\/cref13\/?p=12780"},"modified":"2026-02-27T08:46:18","modified_gmt":"2026-02-27T11:46:18","slug":"comunicado-11","status":"publish","type":"post","link":"https:\/\/www.cref13.org.br\/cref13\/comunicado-11\/","title":{"rendered":"Comunicado!"},"content":{"rendered":"\n<p>Informamos que ser\u00e1 realizada uma manuten\u00e7\u00e3o programada em nosso Sistema de Inform\u00e1tica no s\u00e1bado (28\/02), com in\u00edcio \u00e0s 4 horas da manh\u00e3 e previs\u00e3o de encerramento \u00e0s 12 horas do mesmo dia.<\/p>\n\n\n\n<p>Durante esse per\u00edodo, alguns servi\u00e7os poder\u00e3o ficar temporariamente indispon\u00edveis.<\/p>\n\n\n\n<p>T\u00e3o logo a manuten\u00e7\u00e3o seja conclu\u00edda e o sistema esteja plenamente restabelecido, comunicaremos oficialmente o retorno \u00e0 normalidade dos servi\u00e7os.<\/p>\n\n\n\n<p>Agradecemos a compreens\u00e3o.<\/p>\n","protected":false},"excerpt":{"rendered":"<p>Informamos que ser\u00e1 realizada uma manuten\u00e7\u00e3o programada em nosso Sistema de Inform\u00e1tica no s\u00e1bado (28\/02), com in\u00edcio \u00e0s 4 horas da manh\u00e3 e previs\u00e3o de encerramento \u00e0s 12 horas do mesmo dia. Durante esse per\u00edodo, alguns servi\u00e7os poder\u00e3o ficar temporariamente indispon\u00edveis. T\u00e3o logo a manuten\u00e7\u00e3o seja conclu\u00edda e o sistema esteja plenamente restabelecido, comunicaremos oficialmente [&hellip;]<\/p>\n","protected":false},"author":3,"featured_media":12781,"comment_status":"closed","ping_status":"open","sticky":false,"template":"","format":"standard","meta":{"footnotes":""},"categories":[14],"tags":[],"class_list":["post-12780","post","type-post","status-publish","format-standard","has-post-thumbnail","hentry","category-noticias"],"_links":{"self":[{"href":"https:\/\/www.cref13.org.br\/cref13\/wp-json\/wp\/v2\/posts\/12780","targetHints":{"allow":["GET"]}}],"collection":[{"href":"https:\/\/www.cref13.org.br\/cref13\/wp-json\/wp\/v2\/posts"}],"about":[{"href":"https:\/\/www.cref13.org.br\/cref13\/wp-json\/wp\/v2\/types\/post"}],"author":[{"embeddable":true,"href":"https:\/\/www.cref13.org.br\/cref13\/wp-json\/wp\/v2\/users\/3"}],"replies":[{"embeddable":true,"href":"https:\/\/www.cref13.org.br\/cref13\/wp-json\/wp\/v2\/comments?post=12780"}],"version-history":[{"count":1,"href":"https:\/\/www.cref13.org.br\/cref13\/wp-json\/wp\/v2\/posts\/12780\/revisions"}],"predecessor-version":[{"id":12782,"href":"https:\/\/www.cref13.org.br\/cref13\/wp-json\/wp\/v2\/posts\/12780\/revisions\/12782"}],"wp:featuredmedia":[{"embeddable":true,"href":"https:\/\/www.cref13.org.br\/cref13\/wp-json\/wp\/v2\/media\/12781"}],"wp:attachment":[{"href":"https:\/\/www.cref13.org.br\/cref13\/wp-json\/wp\/v2\/media?parent=12780"}],"wp:term":[{"taxonomy":"category","embeddable":true,"href":"https:\/\/www.cref13.org.br\/cref13\/wp-json\/wp\/v2\/categories?post=12780"},{"taxonomy":"post_tag","embeddable":true,"href":"https:\/\/www.cref13.org.br\/cref13\/wp-json\/wp\/v2\/tags?post=12780"}],"curies":[{"name":"wp","href":"https:\/\/api.w.org\/{rel}","templated":true}]}}