{"id":12827,"date":"2026-03-02T13:00:00","date_gmt":"2026-03-02T16:00:00","guid":{"rendered":"https:\/\/www.cref13.org.br\/cref13\/?p=12827"},"modified":"2026-03-02T17:29:48","modified_gmt":"2026-03-02T20:29:48","slug":"cref13-ba-participa-do-circuito-mais-mulheres-no-esporte-em-santa-barbara","status":"publish","type":"post","link":"https:\/\/www.cref13.org.br\/cref13\/cref13-ba-participa-do-circuito-mais-mulheres-no-esporte-em-santa-barbara\/","title":{"rendered":"CREF13\/BA participa do Circuito Mais Mulheres no Esporte em Santa B\u00e1rbara"},"content":{"rendered":"\n<figure class=\"wp-block-table\"><table class=\"has-fixed-layout\"><tbody><tr><td><\/td><\/tr><\/tbody><\/table><\/figure>\n\n\n\n<p>O Conselho Regional de Educa\u00e7\u00e3o F\u00edsica da 13\u00aa Regi\u00e3o (CREF13\/BA) marcou presen\u00e7a no Circuito Mais Mulheres no Esporte \u2013 Momento Mulher, realizado no dia 21 de fevereiro, na C\u00e2mara Municipal de Santa B\u00e1rbara. Representaram a autarquia federal o presidente Rog\u00e9rio Jean Moura Gon\u00e7alves \u2013 CREF 001726-G\/BA e a 2\u00aa vice-presidente Ilma Costa Santos \u2013 CREF 005693-G\/BA, refor\u00e7ando o compromisso institucional com a valoriza\u00e7\u00e3o da mulher, a equidade de g\u00eanero e o fortalecimento da atua\u00e7\u00e3o profissional na Educa\u00e7\u00e3o F\u00edsica.<\/p>\n\n\n\n<p>A 2\u00aa vice-presidente tamb\u00e9m integrou a programa\u00e7\u00e3o como palestrante, contribuindo com reflex\u00f5es sobre a presen\u00e7a feminina na Educa\u00e7\u00e3o F\u00edsica e na gest\u00e3o esportiva. O evento contou ainda com a presen\u00e7a do presidente da C\u00e2mara Municipal de Santa B\u00e1rbara, Gilmar Carvalho de Lima, e do presidente da Federa\u00e7\u00e3o Baiana de Baleado (FBB), Mateus de Oliveira M\u00f4naco Viana, fortalecendo o di\u00e1logo interinstitucional em prol do desenvolvimento do esporte no estado.<\/p>\n\n\n\n<p>Com participa\u00e7\u00e3o ativa no encontro, o CREF13\/BA reafirma seu papel na defesa da sociedade e na valoriza\u00e7\u00e3o da profiss\u00e3o.<\/p>\n","protected":false},"excerpt":{"rendered":"<p>O Conselho Regional de Educa\u00e7\u00e3o F\u00edsica da 13\u00aa Regi\u00e3o (CREF13\/BA) marcou presen\u00e7a no Circuito Mais Mulheres no Esporte \u2013 Momento Mulher, realizado no dia 21 de fevereiro, na C\u00e2mara Municipal de Santa B\u00e1rbara. Representaram a autarquia federal o presidente Rog\u00e9rio Jean Moura Gon\u00e7alves \u2013 CREF 001726-G\/BA e a 2\u00aa vice-presidente Ilma Costa Santos \u2013 CREF [&hellip;]<\/p>\n","protected":false},"author":3,"featured_media":12828,"comment_status":"closed","ping_status":"open","sticky":false,"template":"","format":"standard","meta":{"footnotes":""},"categories":[14],"tags":[],"class_list":["post-12827","post","type-post","status-publish","format-standard","has-post-thumbnail","hentry","category-noticias"],"_links":{"self":[{"href":"https:\/\/www.cref13.org.br\/cref13\/wp-json\/wp\/v2\/posts\/12827","targetHints":{"allow":["GET"]}}],"collection":[{"href":"https:\/\/www.cref13.org.br\/cref13\/wp-json\/wp\/v2\/posts"}],"about":[{"href":"https:\/\/www.cref13.org.br\/cref13\/wp-json\/wp\/v2\/types\/post"}],"author":[{"embeddable":true,"href":"https:\/\/www.cref13.org.br\/cref13\/wp-json\/wp\/v2\/users\/3"}],"replies":[{"embeddable":true,"href":"https:\/\/www.cref13.org.br\/cref13\/wp-json\/wp\/v2\/comments?post=12827"}],"version-history":[{"count":1,"href":"https:\/\/www.cref13.org.br\/cref13\/wp-json\/wp\/v2\/posts\/12827\/revisions"}],"predecessor-version":[{"id":12829,"href":"https:\/\/www.cref13.org.br\/cref13\/wp-json\/wp\/v2\/posts\/12827\/revisions\/12829"}],"wp:featuredmedia":[{"embeddable":true,"href":"https:\/\/www.cref13.org.br\/cref13\/wp-json\/wp\/v2\/media\/12828"}],"wp:attachment":[{"href":"https:\/\/www.cref13.org.br\/cref13\/wp-json\/wp\/v2\/media?parent=12827"}],"wp:term":[{"taxonomy":"category","embeddable":true,"href":"https:\/\/www.cref13.org.br\/cref13\/wp-json\/wp\/v2\/categories?post=12827"},{"taxonomy":"post_tag","embeddable":true,"href":"https:\/\/www.cref13.org.br\/cref13\/wp-json\/wp\/v2\/tags?post=12827"}],"curies":[{"name":"wp","href":"https:\/\/api.w.org\/{rel}","templated":true}]}}