{"id":12830,"date":"2026-03-02T17:30:58","date_gmt":"2026-03-02T20:30:58","guid":{"rendered":"https:\/\/www.cref13.org.br\/cref13\/?p=12830"},"modified":"2026-03-02T17:30:58","modified_gmt":"2026-03-02T20:30:58","slug":"cref13-ba-e-fba-reunem-se-com-a-secretaria-de-esporte-e-lazer-de-porto-seguro-para-projetos-em-2026","status":"publish","type":"post","link":"https:\/\/www.cref13.org.br\/cref13\/cref13-ba-e-fba-reunem-se-com-a-secretaria-de-esporte-e-lazer-de-porto-seguro-para-projetos-em-2026\/","title":{"rendered":"CREF13\/BA e FBA re\u00fanem-se com a Secretaria de Esporte e Lazer de Porto Seguro para projetos em 2026"},"content":{"rendered":"\n<p>O Conselho Regional de Educa\u00e7\u00e3o F\u00edsica da 13\u00aa Regi\u00e3o \u2013 Bahia (CREF13\/BA) e a Federa\u00e7\u00e3o Bahiana de Atletismo (FBA) reuniram-se, neste fim de semana, com a Secretaria Municipal de Esporte e Lazer de Porto Seguro para discutir projetos voltados ao fortalecimento do esporte e da Educa\u00e7\u00e3o F\u00edsica no munic\u00edpio e na regi\u00e3o.<\/p>\n\n\n\n<p>Participaram do encontro o presidente da FBA, Herbert Silva (CREF013478-G\/BA), o presidente do CREF13\/BA, Rog\u00e9rio Moura (CREF13 001726-GBA), e o secret\u00e1rio municipal, H\u00e9lio de Paula.<\/p>\n\n\n\n<p>A reuni\u00e3o teve como foco a constru\u00e7\u00e3o de parcerias para 2026, com propostas de realiza\u00e7\u00e3o de eventos esportivos, capacita\u00e7\u00f5es para profissionais, incentivo ao esporte de base e a\u00e7\u00f5es estrat\u00e9gicas para ampliar o fomento ao esporte no interior baiano.<\/p>\n\n\n\n<p>A iniciativa refor\u00e7a o compromisso das institui\u00e7\u00f5es com a interioriza\u00e7\u00e3o das pol\u00edticas esportivas e a valoriza\u00e7\u00e3o da Educa\u00e7\u00e3o F\u00edsica como instrumento de desenvolvimento social.<\/p>\n","protected":false},"excerpt":{"rendered":"<p>O Conselho Regional de Educa\u00e7\u00e3o F\u00edsica da 13\u00aa Regi\u00e3o \u2013 Bahia (CREF13\/BA) e a Federa\u00e7\u00e3o Bahiana de Atletismo (FBA) reuniram-se, neste fim de semana, com a Secretaria Municipal de Esporte e Lazer de Porto Seguro para discutir projetos voltados ao fortalecimento do esporte e da Educa\u00e7\u00e3o F\u00edsica no munic\u00edpio e na regi\u00e3o. Participaram do encontro [&hellip;]<\/p>\n","protected":false},"author":3,"featured_media":12831,"comment_status":"closed","ping_status":"open","sticky":false,"template":"","format":"standard","meta":{"footnotes":""},"categories":[14],"tags":[],"class_list":["post-12830","post","type-post","status-publish","format-standard","has-post-thumbnail","hentry","category-noticias"],"_links":{"self":[{"href":"https:\/\/www.cref13.org.br\/cref13\/wp-json\/wp\/v2\/posts\/12830","targetHints":{"allow":["GET"]}}],"collection":[{"href":"https:\/\/www.cref13.org.br\/cref13\/wp-json\/wp\/v2\/posts"}],"about":[{"href":"https:\/\/www.cref13.org.br\/cref13\/wp-json\/wp\/v2\/types\/post"}],"author":[{"embeddable":true,"href":"https:\/\/www.cref13.org.br\/cref13\/wp-json\/wp\/v2\/users\/3"}],"replies":[{"embeddable":true,"href":"https:\/\/www.cref13.org.br\/cref13\/wp-json\/wp\/v2\/comments?post=12830"}],"version-history":[{"count":1,"href":"https:\/\/www.cref13.org.br\/cref13\/wp-json\/wp\/v2\/posts\/12830\/revisions"}],"predecessor-version":[{"id":12832,"href":"https:\/\/www.cref13.org.br\/cref13\/wp-json\/wp\/v2\/posts\/12830\/revisions\/12832"}],"wp:featuredmedia":[{"embeddable":true,"href":"https:\/\/www.cref13.org.br\/cref13\/wp-json\/wp\/v2\/media\/12831"}],"wp:attachment":[{"href":"https:\/\/www.cref13.org.br\/cref13\/wp-json\/wp\/v2\/media?parent=12830"}],"wp:term":[{"taxonomy":"category","embeddable":true,"href":"https:\/\/www.cref13.org.br\/cref13\/wp-json\/wp\/v2\/categories?post=12830"},{"taxonomy":"post_tag","embeddable":true,"href":"https:\/\/www.cref13.org.br\/cref13\/wp-json\/wp\/v2\/tags?post=12830"}],"curies":[{"name":"wp","href":"https:\/\/api.w.org\/{rel}","templated":true}]}}