{"id":12839,"date":"2026-03-03T12:00:00","date_gmt":"2026-03-03T15:00:00","guid":{"rendered":"https:\/\/www.cref13.org.br\/cref13\/?p=12839"},"modified":"2026-03-05T09:29:02","modified_gmt":"2026-03-05T12:29:02","slug":"cref13-ba-promove-encontro-inedito-para-construcao-de-nota-tecnica-sobre-corrida-de-rua-na-bahia","status":"publish","type":"post","link":"https:\/\/www.cref13.org.br\/cref13\/cref13-ba-promove-encontro-inedito-para-construcao-de-nota-tecnica-sobre-corrida-de-rua-na-bahia\/","title":{"rendered":"CREF13\/BA promove encontro in\u00e9dito para constru\u00e7\u00e3o de Nota T\u00e9cnica sobre Corrida de Rua na Bahia"},"content":{"rendered":"\n<p>Com o objetivo de balizar a modalidade de Corridas de Rua no estado da Bahia, o Conselho Regional de Educa\u00e7\u00e3o F\u00edsica da 13\u00aa Regi\u00e3o &#8211; CREF13\/BA, realiza, nesta ter\u00e7a-feira (03), \u00e0s 19h, um encontro in\u00e9dito com o Grupo de Trabalho (GT), formado por representantes de institui\u00e7\u00f5es relacionadas \u00e0 pr\u00e1tica esportiva. O encontro \u00e9 uma iniciativa criada pela atual gest\u00e3o do CREF13\/BA, que ser\u00e1 coordenada pelo seu presidente, Rog\u00e9rio Moura.<\/p>\n\n\n\n<p>A iniciativa in\u00e9dita busca viabilizar a produ\u00e7\u00e3o de uma Nota T\u00e9cnica (NT) sobre Corrida de Rua no estado baiano, a fim de orientar tecnicamente a organiza\u00e7\u00e3o de eventos de corrida de rua com a aplica\u00e7\u00e3o das normas ligadas ao esporte, esclarecendo aspectos t\u00e9cnicos para contribuir com a diminui\u00e7\u00e3o de riscos, recomendando a pr\u00e1tica segura da modalidade, e refor\u00e7ando o compromisso da gest\u00e3o com o di\u00e1logo e a responsabilidade com a sociedade. <\/p>\n\n\n\n<p>Participar\u00e3o do encontro: A\u00e9rcio Oliveira, coordenador de Corrida de Rua da Confedera\u00e7\u00e3o Brasileira de Atletismo &#8211; CBAt; Herbert Silva Junquilho, presidente da Federa\u00e7\u00e3o Bahiana de Atletismo &#8211; FBA; Andr\u00e9 Lu\u00eds Teod\u00f3sio Presa, tenente-coronel da Pol\u00edcia Militar da Bahia &#8211; PMBA; Sandro Marcello Borges e Silva, presidente da Comiss\u00e3o de Esportes &#8211; CESPO OAB\/BA; e tamb\u00e9m Tem\u00edstocles Damasceno Silva, Coordenador do Centro de Estudos em Gest\u00e3o P\u00fablica da Universidade Estadual do Sudoeste da Bahia &#8211; CEGESP\/UESB e o Presidente, Guilherme Celso da Associa\u00e7\u00e3o dos Organizadores de Corrida de Rua e Esportes Outdoor &#8211; ABRACEO.<\/p>\n\n\n\n<p>Mais um passo firme do CREF13\/BA na defesa da sociedade e na valoriza\u00e7\u00e3o da profissional.<\/p>\n","protected":false},"excerpt":{"rendered":"<p>Com o objetivo de balizar a modalidade de Corridas de Rua no estado da Bahia, o Conselho Regional de Educa\u00e7\u00e3o F\u00edsica da 13\u00aa Regi\u00e3o &#8211; CREF13\/BA, realiza, nesta ter\u00e7a-feira (03), \u00e0s 19h, um encontro in\u00e9dito com o Grupo de Trabalho (GT), formado por representantes de institui\u00e7\u00f5es relacionadas \u00e0 pr\u00e1tica esportiva. O encontro \u00e9 uma iniciativa [&hellip;]<\/p>\n","protected":false},"author":3,"featured_media":12840,"comment_status":"closed","ping_status":"open","sticky":false,"template":"","format":"standard","meta":{"footnotes":""},"categories":[14],"tags":[],"class_list":["post-12839","post","type-post","status-publish","format-standard","has-post-thumbnail","hentry","category-noticias"],"_links":{"self":[{"href":"https:\/\/www.cref13.org.br\/cref13\/wp-json\/wp\/v2\/posts\/12839","targetHints":{"allow":["GET"]}}],"collection":[{"href":"https:\/\/www.cref13.org.br\/cref13\/wp-json\/wp\/v2\/posts"}],"about":[{"href":"https:\/\/www.cref13.org.br\/cref13\/wp-json\/wp\/v2\/types\/post"}],"author":[{"embeddable":true,"href":"https:\/\/www.cref13.org.br\/cref13\/wp-json\/wp\/v2\/users\/3"}],"replies":[{"embeddable":true,"href":"https:\/\/www.cref13.org.br\/cref13\/wp-json\/wp\/v2\/comments?post=12839"}],"version-history":[{"count":3,"href":"https:\/\/www.cref13.org.br\/cref13\/wp-json\/wp\/v2\/posts\/12839\/revisions"}],"predecessor-version":[{"id":12859,"href":"https:\/\/www.cref13.org.br\/cref13\/wp-json\/wp\/v2\/posts\/12839\/revisions\/12859"}],"wp:featuredmedia":[{"embeddable":true,"href":"https:\/\/www.cref13.org.br\/cref13\/wp-json\/wp\/v2\/media\/12840"}],"wp:attachment":[{"href":"https:\/\/www.cref13.org.br\/cref13\/wp-json\/wp\/v2\/media?parent=12839"}],"wp:term":[{"taxonomy":"category","embeddable":true,"href":"https:\/\/www.cref13.org.br\/cref13\/wp-json\/wp\/v2\/categories?post=12839"},{"taxonomy":"post_tag","embeddable":true,"href":"https:\/\/www.cref13.org.br\/cref13\/wp-json\/wp\/v2\/tags?post=12839"}],"curies":[{"name":"wp","href":"https:\/\/api.w.org\/{rel}","templated":true}]}}