{"id":12843,"date":"2026-03-03T18:06:00","date_gmt":"2026-03-03T21:06:00","guid":{"rendered":"https:\/\/www.cref13.org.br\/cref13\/?p=12843"},"modified":"2026-03-04T09:08:21","modified_gmt":"2026-03-04T12:08:21","slug":"capacitacao-de-baleado-chega-em-feira-de-santana","status":"publish","type":"post","link":"https:\/\/www.cref13.org.br\/cref13\/capacitacao-de-baleado-chega-em-feira-de-santana\/","title":{"rendered":"Capacita\u00e7\u00e3o de Baleado chega em Feira de Santana"},"content":{"rendered":"\n<p>A Federa\u00e7\u00e3o de Baleado da Bahia (FBB), em parceria com o CREF13\/BA, realiza a Capacita\u00e7\u00e3o em Baleado \u2013 Arbitragem, em Feira de Santana.<\/p>\n\n\n\n<p>A forma\u00e7\u00e3o \u00e9 voltada para profissionais e estudantes de Educa\u00e7\u00e3o F\u00edsica que desejam aprofundar seus conhecimentos na modalidade, com abordagem sobre regras, arbitragem e gest\u00e3o esportiva, fortalecendo a pr\u00e1tica segura e qualificada do baleado na Bahia.<\/p>\n\n\n\n<p>\ud83d\udccd Feira de Santana \u2013 BA<br>\ud83d\udcc5 07 e 08 de mar\u00e7o de 2026<br>\ud83d\udd58 9h \u00e0s 17h<br>\ud83d\udccc Gin\u00e1sio Municipal Joselito Amoril<\/p>\n\n\n\n<p>\u2714 Certificado digital de 10h<br>\u2714 Apostila digital<\/p>\n\n\n\n<p>Informa\u00e7\u00f5es: (75) 99867-9297<\/p>\n\n\n\n<p>Capacitar \u00e9 valorizar a profiss\u00e3o e fortalecer o esporte.<\/p>\n\n\n\n<p><\/p>\n","protected":false},"excerpt":{"rendered":"<p>A Federa\u00e7\u00e3o de Baleado da Bahia (FBB), em parceria com o CREF13\/BA, realiza a Capacita\u00e7\u00e3o em Baleado \u2013 Arbitragem, em Feira de Santana. A forma\u00e7\u00e3o \u00e9 voltada para profissionais e estudantes de Educa\u00e7\u00e3o F\u00edsica que desejam aprofundar seus conhecimentos na modalidade, com abordagem sobre regras, arbitragem e gest\u00e3o esportiva, fortalecendo a pr\u00e1tica segura e qualificada [&hellip;]<\/p>\n","protected":false},"author":3,"featured_media":12844,"comment_status":"closed","ping_status":"open","sticky":false,"template":"","format":"standard","meta":{"footnotes":""},"categories":[14],"tags":[],"class_list":["post-12843","post","type-post","status-publish","format-standard","has-post-thumbnail","hentry","category-noticias"],"_links":{"self":[{"href":"https:\/\/www.cref13.org.br\/cref13\/wp-json\/wp\/v2\/posts\/12843","targetHints":{"allow":["GET"]}}],"collection":[{"href":"https:\/\/www.cref13.org.br\/cref13\/wp-json\/wp\/v2\/posts"}],"about":[{"href":"https:\/\/www.cref13.org.br\/cref13\/wp-json\/wp\/v2\/types\/post"}],"author":[{"embeddable":true,"href":"https:\/\/www.cref13.org.br\/cref13\/wp-json\/wp\/v2\/users\/3"}],"replies":[{"embeddable":true,"href":"https:\/\/www.cref13.org.br\/cref13\/wp-json\/wp\/v2\/comments?post=12843"}],"version-history":[{"count":1,"href":"https:\/\/www.cref13.org.br\/cref13\/wp-json\/wp\/v2\/posts\/12843\/revisions"}],"predecessor-version":[{"id":12845,"href":"https:\/\/www.cref13.org.br\/cref13\/wp-json\/wp\/v2\/posts\/12843\/revisions\/12845"}],"wp:featuredmedia":[{"embeddable":true,"href":"https:\/\/www.cref13.org.br\/cref13\/wp-json\/wp\/v2\/media\/12844"}],"wp:attachment":[{"href":"https:\/\/www.cref13.org.br\/cref13\/wp-json\/wp\/v2\/media?parent=12843"}],"wp:term":[{"taxonomy":"category","embeddable":true,"href":"https:\/\/www.cref13.org.br\/cref13\/wp-json\/wp\/v2\/categories?post=12843"},{"taxonomy":"post_tag","embeddable":true,"href":"https:\/\/www.cref13.org.br\/cref13\/wp-json\/wp\/v2\/tags?post=12843"}],"curies":[{"name":"wp","href":"https:\/\/api.w.org\/{rel}","templated":true}]}}