{"id":12846,"date":"2026-03-04T09:14:11","date_gmt":"2026-03-04T12:14:11","guid":{"rendered":"https:\/\/www.cref13.org.br\/cref13\/?p=12846"},"modified":"2026-03-04T09:14:11","modified_gmt":"2026-03-04T12:14:11","slug":"coordenacao-de-esporte-da-setre-ba-realiza-curso-de-capacitacao-em-arbitragem-com-apoio-do-cref13-ba-e-da-fbb-saiba-mais","status":"publish","type":"post","link":"https:\/\/www.cref13.org.br\/cref13\/coordenacao-de-esporte-da-setre-ba-realiza-curso-de-capacitacao-em-arbitragem-com-apoio-do-cref13-ba-e-da-fbb-saiba-mais\/","title":{"rendered":"Coordena\u00e7\u00e3o de Esporte da SETRE-BA realiza curso de capacita\u00e7\u00e3o em arbitragem, com apoio do CREF13\/BA e da FBB. Saiba mais."},"content":{"rendered":"\n<p>A arbitragem \u00e9 fundamental para a organiza\u00e7\u00e3o, a \u00e9tica e a qualidade das competi\u00e7\u00f5es esportivas.<\/p>\n\n\n\n<p>Est\u00e3o abertas as inscri\u00e7\u00f5es para a Capacita\u00e7\u00e3o em Arbitragem de Basketball, com carga hor\u00e1ria de 16 horas, em Salvador. A forma\u00e7\u00e3o contempla aula te\u00f3rica e pr\u00e1tica, proporcionando conhecimento t\u00e9cnico e viv\u00eancia real de quadra.<\/p>\n\n\n\n<p>\ud83d\udcda Aula Te\u00f3rica<br>\ud83d\udcc5 10 de abril \u2013 18h \u00e0s 22h<br>\ud83d\udcc5 11 de abril \u2013 8h \u00e0s 12h e das 13h \u00e0s 17h<br>\ud83d\udccd UNIFTC \u2013 Campus Av. Lu\u00eds Viana Filho, 8812, M\u00f3dulo 1<\/p>\n\n\n\n<p>\ud83c\udfc0 Aula Pr\u00e1tica<br>\ud83d\udcc5 12 de abril \u2013 8h \u00e0s 12h<br>\ud83d\udccd Clube ADELBA<\/p>\n\n\n\n<p>\u270d\ufe0f Inscri\u00e7\u00f5es e informa\u00e7\u00f5es: 71 99287-4113 (WhatsApp)<\/p>\n\n\n\n<p>Uma oportunidade para qualifica\u00e7\u00e3o profissional e amplia\u00e7\u00e3o de atua\u00e7\u00e3o no mercado esportivo.<\/p>\n\n\n\n<p>Realiza\u00e7\u00e3o: Coordena\u00e7\u00e3o de Esportes SETRE\/BA<br>Apoio: CREF13\/BA e FBB<\/p>\n","protected":false},"excerpt":{"rendered":"<p>A arbitragem \u00e9 fundamental para a organiza\u00e7\u00e3o, a \u00e9tica e a qualidade das competi\u00e7\u00f5es esportivas. Est\u00e3o abertas as inscri\u00e7\u00f5es para a Capacita\u00e7\u00e3o em Arbitragem de Basketball, com carga hor\u00e1ria de 16 horas, em Salvador. A forma\u00e7\u00e3o contempla aula te\u00f3rica e pr\u00e1tica, proporcionando conhecimento t\u00e9cnico e viv\u00eancia real de quadra. \ud83d\udcda Aula Te\u00f3rica\ud83d\udcc5 10 de abril [&hellip;]<\/p>\n","protected":false},"author":3,"featured_media":12847,"comment_status":"closed","ping_status":"open","sticky":false,"template":"","format":"standard","meta":{"footnotes":""},"categories":[14],"tags":[],"class_list":["post-12846","post","type-post","status-publish","format-standard","has-post-thumbnail","hentry","category-noticias"],"_links":{"self":[{"href":"https:\/\/www.cref13.org.br\/cref13\/wp-json\/wp\/v2\/posts\/12846","targetHints":{"allow":["GET"]}}],"collection":[{"href":"https:\/\/www.cref13.org.br\/cref13\/wp-json\/wp\/v2\/posts"}],"about":[{"href":"https:\/\/www.cref13.org.br\/cref13\/wp-json\/wp\/v2\/types\/post"}],"author":[{"embeddable":true,"href":"https:\/\/www.cref13.org.br\/cref13\/wp-json\/wp\/v2\/users\/3"}],"replies":[{"embeddable":true,"href":"https:\/\/www.cref13.org.br\/cref13\/wp-json\/wp\/v2\/comments?post=12846"}],"version-history":[{"count":1,"href":"https:\/\/www.cref13.org.br\/cref13\/wp-json\/wp\/v2\/posts\/12846\/revisions"}],"predecessor-version":[{"id":12848,"href":"https:\/\/www.cref13.org.br\/cref13\/wp-json\/wp\/v2\/posts\/12846\/revisions\/12848"}],"wp:featuredmedia":[{"embeddable":true,"href":"https:\/\/www.cref13.org.br\/cref13\/wp-json\/wp\/v2\/media\/12847"}],"wp:attachment":[{"href":"https:\/\/www.cref13.org.br\/cref13\/wp-json\/wp\/v2\/media?parent=12846"}],"wp:term":[{"taxonomy":"category","embeddable":true,"href":"https:\/\/www.cref13.org.br\/cref13\/wp-json\/wp\/v2\/categories?post=12846"},{"taxonomy":"post_tag","embeddable":true,"href":"https:\/\/www.cref13.org.br\/cref13\/wp-json\/wp\/v2\/tags?post=12846"}],"curies":[{"name":"wp","href":"https:\/\/api.w.org\/{rel}","templated":true}]}}