{"id":12849,"date":"2026-03-04T16:20:13","date_gmt":"2026-03-04T19:20:13","guid":{"rendered":"https:\/\/www.cref13.org.br\/cref13\/?p=12849"},"modified":"2026-03-04T16:20:13","modified_gmt":"2026-03-04T19:20:13","slug":"cref13-ba-movel-chega-a-itapetinga-nesta-sexta-feira-06-saiba-mais","status":"publish","type":"post","link":"https:\/\/www.cref13.org.br\/cref13\/cref13-ba-movel-chega-a-itapetinga-nesta-sexta-feira-06-saiba-mais\/","title":{"rendered":"CREF13\/BA M\u00f3vel chega a Itapetinga nesta sexta-feira (06). Saiba mais."},"content":{"rendered":"\n<h3 class=\"wp-block-heading\"><\/h3>\n\n\n\n<p>O CREF13\/BA estar\u00e1 em Itapetinga nos dias 06, 07 e 08 de mar\u00e7o de 2026, com atendimento m\u00f3vel das 8h \u00e0s 17h.<\/p>\n\n\n\n<p>\ud83d\udccd Local: Parque Poliesportivo Michel Hagge (Parque da Lagoa) \u2013 Av. Cinquenten\u00e1rio \u2013 Bairro Clodoaldo Costa \u2013 Itapetinga\/BA.<\/p>\n\n\n\n<p>Essa \u00e9 a oportunidade para resolver pend\u00eancias, atualizar seu cadastro e esclarecer d\u00favidas de forma pr\u00e1tica e presencial. Durante a a\u00e7\u00e3o, estar\u00e3o dispon\u00edveis os principais servi\u00e7os do Conselho, como informa\u00e7\u00f5es sobre registro profissional e de Pessoa Jur\u00eddica (PJ), atualiza\u00e7\u00e3o cadastral, orienta\u00e7\u00f5es sobre a atua\u00e7\u00e3o profissional e regulariza\u00e7\u00e3o de pend\u00eancias.<\/p>\n\n\n\n<p>A iniciativa \u00e9 voltada a Profissionais de Educa\u00e7\u00e3o F\u00edsica e gestores de Pessoas Jur\u00eddicas, refor\u00e7ando o compromisso do CREF13\/BA em estar cada vez mais pr\u00f3ximo da categoria, ampliando o acesso aos servi\u00e7os nos territ\u00f3rios e fortalecendo o exerc\u00edcio legal, \u00e9tico e qualificado da profiss\u00e3o.<\/p>\n\n\n\n<p>\ud83d\udc49 Garanta seu atendimento com anteced\u00eancia em cref13.org.br.<\/p>\n\n\n\n<p><\/p>\n","protected":false},"excerpt":{"rendered":"<p>O CREF13\/BA estar\u00e1 em Itapetinga nos dias 06, 07 e 08 de mar\u00e7o de 2026, com atendimento m\u00f3vel das 8h \u00e0s 17h. \ud83d\udccd Local: Parque Poliesportivo Michel Hagge (Parque da Lagoa) \u2013 Av. Cinquenten\u00e1rio \u2013 Bairro Clodoaldo Costa \u2013 Itapetinga\/BA. Essa \u00e9 a oportunidade para resolver pend\u00eancias, atualizar seu cadastro e esclarecer d\u00favidas de forma [&hellip;]<\/p>\n","protected":false},"author":3,"featured_media":12850,"comment_status":"closed","ping_status":"open","sticky":false,"template":"","format":"standard","meta":{"footnotes":""},"categories":[14],"tags":[],"class_list":["post-12849","post","type-post","status-publish","format-standard","has-post-thumbnail","hentry","category-noticias"],"_links":{"self":[{"href":"https:\/\/www.cref13.org.br\/cref13\/wp-json\/wp\/v2\/posts\/12849","targetHints":{"allow":["GET"]}}],"collection":[{"href":"https:\/\/www.cref13.org.br\/cref13\/wp-json\/wp\/v2\/posts"}],"about":[{"href":"https:\/\/www.cref13.org.br\/cref13\/wp-json\/wp\/v2\/types\/post"}],"author":[{"embeddable":true,"href":"https:\/\/www.cref13.org.br\/cref13\/wp-json\/wp\/v2\/users\/3"}],"replies":[{"embeddable":true,"href":"https:\/\/www.cref13.org.br\/cref13\/wp-json\/wp\/v2\/comments?post=12849"}],"version-history":[{"count":1,"href":"https:\/\/www.cref13.org.br\/cref13\/wp-json\/wp\/v2\/posts\/12849\/revisions"}],"predecessor-version":[{"id":12851,"href":"https:\/\/www.cref13.org.br\/cref13\/wp-json\/wp\/v2\/posts\/12849\/revisions\/12851"}],"wp:featuredmedia":[{"embeddable":true,"href":"https:\/\/www.cref13.org.br\/cref13\/wp-json\/wp\/v2\/media\/12850"}],"wp:attachment":[{"href":"https:\/\/www.cref13.org.br\/cref13\/wp-json\/wp\/v2\/media?parent=12849"}],"wp:term":[{"taxonomy":"category","embeddable":true,"href":"https:\/\/www.cref13.org.br\/cref13\/wp-json\/wp\/v2\/categories?post=12849"},{"taxonomy":"post_tag","embeddable":true,"href":"https:\/\/www.cref13.org.br\/cref13\/wp-json\/wp\/v2\/tags?post=12849"}],"curies":[{"name":"wp","href":"https:\/\/api.w.org\/{rel}","templated":true}]}}