{"id":12856,"date":"2026-03-05T09:06:10","date_gmt":"2026-03-05T12:06:10","guid":{"rendered":"https:\/\/www.cref13.org.br\/cref13\/?p=12856"},"modified":"2026-03-05T09:26:17","modified_gmt":"2026-03-05T12:26:17","slug":"cref13-ba-da-ponta-pe-inicial-na-criacao-da-nota-tecnica-sobre-corridas-de-rua","status":"publish","type":"post","link":"https:\/\/www.cref13.org.br\/cref13\/cref13-ba-da-ponta-pe-inicial-na-criacao-da-nota-tecnica-sobre-corridas-de-rua\/","title":{"rendered":"CREF13\/BA d\u00e1 ponta p\u00e9 inicial na cria\u00e7\u00e3o da nota t\u00e9cnica sobre corridas de rua"},"content":{"rendered":"\n<p>O Conselho Regional de Educa\u00e7\u00e3o F\u00edsica da 13\u00aa Regi\u00e3o (CREF13\/BA) participou, na noite da \u00faltima ter\u00e7a-feira (3), por meio da plataforma Microsoft Teams, da reuni\u00e3o in\u00e9dita do Grupo de Trabalho (GT) formado por representantes de entidades relacionadas aos eventos de Corridas de Rua no Estado da Bahia.<\/p>\n\n\n\n<p>Em um cen\u00e1rio de crescimento exacerbado das provas de corrida de rua, surgiu a iniciativa do presidente do CREF13\/BA, Rog\u00e9rio Moura (CREF 001726-G\/BA), aprovada pela plen\u00e1ria do \u00f3rg\u00e3o, de elaborar uma Nota T\u00e9cnica (NT) para definir as diretrizes t\u00e9cnicas, obriga\u00e7\u00f5es legais, padr\u00f5es de seguran\u00e7a e recomenda\u00e7\u00f5es operacionais para a realiza\u00e7\u00e3o desses eventos.<\/p>\n\n\n\n<p>Participaram do encontro, o coordenador de Corrida de Rua da Confedera\u00e7\u00e3o Brasileira de Atletismo \u2013 CBAt, A\u00e9rcio Oliveira; Herbert Silva Junquilho, presidente da Federa\u00e7\u00e3o Bahiana de Atletismo \u2013 FBA; Andr\u00e9 Lu\u00eds Teod\u00f3sio Presa, tenente-coronel da Pol\u00edcia Militar da Bahia \u2013 PMBA; Sandro Marcello Borges e Silva, presidente da Comiss\u00e3o de Esportes \u2013 CESPO OAB\/BA; Tem\u00edstocles Damasceno Silva, coordenador do Centro de Estudos em Gest\u00e3o P\u00fablica da Universidade Estadual do Sudoeste da Bahia \u2013 CEGESP\/UESB; e Humberto Cedraz, diretor da Associa\u00e7\u00e3o dos Organizadores de Corrida de Rua e Esportes Outdoor \u2013 ABRACEO.<\/p>\n\n\n\n<p>Iniciativas in\u00e9ditas como essa refor\u00e7am o compromisso do CREF13\/BA com o desenvolvimento do esporte na Bahia, o cumprimento da legisla\u00e7\u00e3o vigente e a seguran\u00e7a da popula\u00e7\u00e3o.<\/p>\n","protected":false},"excerpt":{"rendered":"<p>O Conselho Regional de Educa\u00e7\u00e3o F\u00edsica da 13\u00aa Regi\u00e3o (CREF13\/BA) participou, na noite da \u00faltima ter\u00e7a-feira (3), por meio da plataforma Microsoft Teams, da reuni\u00e3o in\u00e9dita do Grupo de Trabalho (GT) formado por representantes de entidades relacionadas aos eventos de Corridas de Rua no Estado da Bahia. Em um cen\u00e1rio de crescimento exacerbado das provas [&hellip;]<\/p>\n","protected":false},"author":3,"featured_media":12857,"comment_status":"closed","ping_status":"open","sticky":false,"template":"","format":"standard","meta":{"footnotes":""},"categories":[14],"tags":[],"class_list":["post-12856","post","type-post","status-publish","format-standard","has-post-thumbnail","hentry","category-noticias"],"_links":{"self":[{"href":"https:\/\/www.cref13.org.br\/cref13\/wp-json\/wp\/v2\/posts\/12856","targetHints":{"allow":["GET"]}}],"collection":[{"href":"https:\/\/www.cref13.org.br\/cref13\/wp-json\/wp\/v2\/posts"}],"about":[{"href":"https:\/\/www.cref13.org.br\/cref13\/wp-json\/wp\/v2\/types\/post"}],"author":[{"embeddable":true,"href":"https:\/\/www.cref13.org.br\/cref13\/wp-json\/wp\/v2\/users\/3"}],"replies":[{"embeddable":true,"href":"https:\/\/www.cref13.org.br\/cref13\/wp-json\/wp\/v2\/comments?post=12856"}],"version-history":[{"count":1,"href":"https:\/\/www.cref13.org.br\/cref13\/wp-json\/wp\/v2\/posts\/12856\/revisions"}],"predecessor-version":[{"id":12858,"href":"https:\/\/www.cref13.org.br\/cref13\/wp-json\/wp\/v2\/posts\/12856\/revisions\/12858"}],"wp:featuredmedia":[{"embeddable":true,"href":"https:\/\/www.cref13.org.br\/cref13\/wp-json\/wp\/v2\/media\/12857"}],"wp:attachment":[{"href":"https:\/\/www.cref13.org.br\/cref13\/wp-json\/wp\/v2\/media?parent=12856"}],"wp:term":[{"taxonomy":"category","embeddable":true,"href":"https:\/\/www.cref13.org.br\/cref13\/wp-json\/wp\/v2\/categories?post=12856"},{"taxonomy":"post_tag","embeddable":true,"href":"https:\/\/www.cref13.org.br\/cref13\/wp-json\/wp\/v2\/tags?post=12856"}],"curies":[{"name":"wp","href":"https:\/\/api.w.org\/{rel}","templated":true}]}}