{"id":12860,"date":"2026-03-05T15:05:00","date_gmt":"2026-03-05T18:05:00","guid":{"rendered":"https:\/\/www.cref13.org.br\/cref13\/?p=12860"},"modified":"2026-03-06T09:06:34","modified_gmt":"2026-03-06T12:06:34","slug":"enaf-belo-horizonte-2026-com-desconto-para-profissionais-registrados","status":"publish","type":"post","link":"https:\/\/www.cref13.org.br\/cref13\/enaf-belo-horizonte-2026-com-desconto-para-profissionais-registrados\/","title":{"rendered":"ENAF Belo Horizonte 2026 com desconto para profissionais registrados!"},"content":{"rendered":"\n<p>\ud83c\udfcb\ufe0f\u200d\u2640\ufe0f ENAF BH 2026! \ud83d\udca5<br>De 19 a 22 de mar\u00e7o | Centerminas Expo | Belo Horizonte ser\u00e1 o palco do ENAF em uma edi\u00e7\u00e3o especial de 40 Anos &#8211; Venha viver essa edi\u00e7\u00e3o hist\u00f3rica do evento, que h\u00e1 quatro d\u00e9cadas transforma conhecimento em movimento!<\/p>\n\n\n\n<p>\ud83e\udd29 Renato Cariani, Fabr\u00edcio Pacholok, \u00c2ngela Borges, Belmiro Salles, Andreia Naves, Gustavo Borges, Walter Krause e muitos convidados neste evento que ser\u00e1 imperd\u00edvel.<\/p>\n\n\n\n<p>\ud83d\udc49 Garanta agora seu lugar e aproveite o melhor do universo fitness:<br>\ud83c\udfcb\ufe0f\u200d\u2640\ufe0f Workshops, cursos e palestras com grandes nomes da \u00e1rea<br>\ud83d\udca1 Lan\u00e7amentos e tend\u00eancias do mercado fitness e wellness<br>\ud83e\udd1d Networking com profissionais e marcas de todo o Brasil<br>\ud83c\udf81 E muitas surpresas exclusivas da edi\u00e7\u00e3o comemorativa de 40 anos!<\/p>\n\n\n\n<p>\ud83d\udca5 DESCONTO ESPECIAL COM O CUPOM: CREF13<\/p>\n\n\n\n<p>\ud83d\udcbb Inscri\u00e7\u00f5es pelo site:<br>\ud83d\udc49 www.enaf.com.br<br>\u2705 Whats (35) 99725-9528<br>20 h<\/p>\n","protected":false},"excerpt":{"rendered":"<p>\ud83c\udfcb\ufe0f\u200d\u2640\ufe0f ENAF BH 2026! \ud83d\udca5De 19 a 22 de mar\u00e7o | Centerminas Expo | Belo Horizonte ser\u00e1 o palco do ENAF em uma edi\u00e7\u00e3o especial de 40 Anos &#8211; Venha viver essa edi\u00e7\u00e3o hist\u00f3rica do evento, que h\u00e1 quatro d\u00e9cadas transforma conhecimento em movimento! \ud83e\udd29 Renato Cariani, Fabr\u00edcio Pacholok, \u00c2ngela Borges, Belmiro Salles, Andreia Naves, [&hellip;]<\/p>\n","protected":false},"author":3,"featured_media":12861,"comment_status":"closed","ping_status":"open","sticky":false,"template":"","format":"standard","meta":{"footnotes":""},"categories":[14],"tags":[],"class_list":["post-12860","post","type-post","status-publish","format-standard","has-post-thumbnail","hentry","category-noticias"],"_links":{"self":[{"href":"https:\/\/www.cref13.org.br\/cref13\/wp-json\/wp\/v2\/posts\/12860","targetHints":{"allow":["GET"]}}],"collection":[{"href":"https:\/\/www.cref13.org.br\/cref13\/wp-json\/wp\/v2\/posts"}],"about":[{"href":"https:\/\/www.cref13.org.br\/cref13\/wp-json\/wp\/v2\/types\/post"}],"author":[{"embeddable":true,"href":"https:\/\/www.cref13.org.br\/cref13\/wp-json\/wp\/v2\/users\/3"}],"replies":[{"embeddable":true,"href":"https:\/\/www.cref13.org.br\/cref13\/wp-json\/wp\/v2\/comments?post=12860"}],"version-history":[{"count":1,"href":"https:\/\/www.cref13.org.br\/cref13\/wp-json\/wp\/v2\/posts\/12860\/revisions"}],"predecessor-version":[{"id":12862,"href":"https:\/\/www.cref13.org.br\/cref13\/wp-json\/wp\/v2\/posts\/12860\/revisions\/12862"}],"wp:featuredmedia":[{"embeddable":true,"href":"https:\/\/www.cref13.org.br\/cref13\/wp-json\/wp\/v2\/media\/12861"}],"wp:attachment":[{"href":"https:\/\/www.cref13.org.br\/cref13\/wp-json\/wp\/v2\/media?parent=12860"}],"wp:term":[{"taxonomy":"category","embeddable":true,"href":"https:\/\/www.cref13.org.br\/cref13\/wp-json\/wp\/v2\/categories?post=12860"},{"taxonomy":"post_tag","embeddable":true,"href":"https:\/\/www.cref13.org.br\/cref13\/wp-json\/wp\/v2\/tags?post=12860"}],"curies":[{"name":"wp","href":"https:\/\/api.w.org\/{rel}","templated":true}]}}