{"id":12863,"date":"2026-03-06T09:10:37","date_gmt":"2026-03-06T12:10:37","guid":{"rendered":"https:\/\/www.cref13.org.br\/cref13\/?p=12863"},"modified":"2026-03-06T09:10:37","modified_gmt":"2026-03-06T12:10:37","slug":"cref13-ba-e-corpo-de-bombeiros-da-bahia-alinham-capacitacao-em-primeiros-socorros-para-profissionais-de-educacao-fisica","status":"publish","type":"post","link":"https:\/\/www.cref13.org.br\/cref13\/cref13-ba-e-corpo-de-bombeiros-da-bahia-alinham-capacitacao-em-primeiros-socorros-para-profissionais-de-educacao-fisica\/","title":{"rendered":"CREF13\/BA e Corpo de Bombeiros da Bahia alinham capacita\u00e7\u00e3o em primeiros socorros para profissionais de Educa\u00e7\u00e3o F\u00edsica"},"content":{"rendered":"\n<p>O Conselho Regional de Educa\u00e7\u00e3o F\u00edsica da 13\u00aa Regi\u00e3o &#8211; Bahia (CREF13\/BA) participou, na \u00faltima quarta-feira (04), de uma reuni\u00e3o estrat\u00e9gica com militares do Corpo de Bombeiros Militar da Bahia (CBMBA), para discutir a implanta\u00e7\u00e3o de um curso para capacita\u00e7\u00e3o de Profissionais de Educa\u00e7\u00e3o F\u00edsica (PEF) em primeiros socorros e Suporte B\u00e1sico de Vida (SBV), no Estado da Bahia.<\/p>\n\n\n\n<p>A iniciativa, em parceria com o CBMBA, visa ampliar o acesso ao conhecimento em primeiros socorros e contribuir para a promo\u00e7\u00e3o da seguran\u00e7a e da preven\u00e7\u00e3o em pr\u00e1ticas do exerc\u00edcio f\u00edsico em todos os ambientes.<\/p>\n\n\n\n<p>Participaram da reuni\u00e3o:<br>&#8211; Rog\u00e9rio Moura, presidente do Conselho Regional de Educa\u00e7\u00e3o F\u00edsica da 13\u00aa Regi\u00e3o &#8211; Bahia (CREF13\/BA);<br>&#8211; \u2060Augusto Cesar de Nobre Matos, Tenente-Coronel do Corpo de Bombeiros Militar da Bahia (CBMBA);<br>&#8211; \u2060Capit\u00e3o Emmanoel Murta, Coordenador de Educa\u00e7\u00e3o F\u00edsica do CBMBA;<br>&#8211; \u2060Tenente Diego de Jesus Santos, Coordenador de Ensino e Acompanhamento do CBMBA;<br>&#8211; \u2060 Coronel Jair dos Reis Pereira, diretor do Instituto Militar de Ensino Superior de Bombeiros (IMESB).<\/p>\n\n\n\n<p>O CREF13\/BA segue empenhado em construir a\u00e7\u00f5es que fortale\u00e7am a valoriza\u00e7\u00e3o profissional, a educa\u00e7\u00e3o e a prote\u00e7\u00e3o da sociedade.<\/p>\n","protected":false},"excerpt":{"rendered":"<p>O Conselho Regional de Educa\u00e7\u00e3o F\u00edsica da 13\u00aa Regi\u00e3o &#8211; Bahia (CREF13\/BA) participou, na \u00faltima quarta-feira (04), de uma reuni\u00e3o estrat\u00e9gica com militares do Corpo de Bombeiros Militar da Bahia (CBMBA), para discutir a implanta\u00e7\u00e3o de um curso para capacita\u00e7\u00e3o de Profissionais de Educa\u00e7\u00e3o F\u00edsica (PEF) em primeiros socorros e Suporte B\u00e1sico de Vida (SBV), [&hellip;]<\/p>\n","protected":false},"author":3,"featured_media":12864,"comment_status":"closed","ping_status":"open","sticky":false,"template":"","format":"standard","meta":{"footnotes":""},"categories":[14],"tags":[],"class_list":["post-12863","post","type-post","status-publish","format-standard","has-post-thumbnail","hentry","category-noticias"],"_links":{"self":[{"href":"https:\/\/www.cref13.org.br\/cref13\/wp-json\/wp\/v2\/posts\/12863","targetHints":{"allow":["GET"]}}],"collection":[{"href":"https:\/\/www.cref13.org.br\/cref13\/wp-json\/wp\/v2\/posts"}],"about":[{"href":"https:\/\/www.cref13.org.br\/cref13\/wp-json\/wp\/v2\/types\/post"}],"author":[{"embeddable":true,"href":"https:\/\/www.cref13.org.br\/cref13\/wp-json\/wp\/v2\/users\/3"}],"replies":[{"embeddable":true,"href":"https:\/\/www.cref13.org.br\/cref13\/wp-json\/wp\/v2\/comments?post=12863"}],"version-history":[{"count":1,"href":"https:\/\/www.cref13.org.br\/cref13\/wp-json\/wp\/v2\/posts\/12863\/revisions"}],"predecessor-version":[{"id":12865,"href":"https:\/\/www.cref13.org.br\/cref13\/wp-json\/wp\/v2\/posts\/12863\/revisions\/12865"}],"wp:featuredmedia":[{"embeddable":true,"href":"https:\/\/www.cref13.org.br\/cref13\/wp-json\/wp\/v2\/media\/12864"}],"wp:attachment":[{"href":"https:\/\/www.cref13.org.br\/cref13\/wp-json\/wp\/v2\/media?parent=12863"}],"wp:term":[{"taxonomy":"category","embeddable":true,"href":"https:\/\/www.cref13.org.br\/cref13\/wp-json\/wp\/v2\/categories?post=12863"},{"taxonomy":"post_tag","embeddable":true,"href":"https:\/\/www.cref13.org.br\/cref13\/wp-json\/wp\/v2\/tags?post=12863"}],"curies":[{"name":"wp","href":"https:\/\/api.w.org\/{rel}","templated":true}]}}