{"id":12869,"date":"2026-03-06T09:45:00","date_gmt":"2026-03-06T12:45:00","guid":{"rendered":"https:\/\/www.cref13.org.br\/cref13\/?p=12869"},"modified":"2026-03-09T08:47:55","modified_gmt":"2026-03-09T11:47:55","slug":"jeremoabo-realiza-1a-conferencia-de-esporte-com-apoio-do-cref13-ba-saiba-mais","status":"publish","type":"post","link":"https:\/\/www.cref13.org.br\/cref13\/jeremoabo-realiza-1a-conferencia-de-esporte-com-apoio-do-cref13-ba-saiba-mais\/","title":{"rendered":"Jeremoabo realiza 1\u00aa Confer\u00eancia de Esporte com apoio do CREF13\/BA. Saiba mais."},"content":{"rendered":"\n<p>O esporte como ferramenta de desenvolvimento, inclus\u00e3o e cidadania. \u26bd\ud83c\udfc3\u200d\u2642\ufe0f<\/p>\n\n\n\n<p>Nos dias 13 e 14 de mar\u00e7o, acontece a I Confer\u00eancia Municipal de Esporte de Jeremoabo, que contar\u00e1 com o apoio do Conselho Regional de Educa\u00e7\u00e3o F\u00edsica da 13\u00aa Regi\u00e3o &#8211; Bahia (CREF13\/BA). O evento ser\u00e1 um espa\u00e7o de di\u00e1logo, constru\u00e7\u00e3o de propostas e fortalecimento das pol\u00edticas p\u00fablicas voltadas ao esporte no munic\u00edpio.<\/p>\n\n\n\n<p>A programa\u00e7\u00e3o contar\u00e1 com debates tem\u00e1ticos e com a palestra do prof. Dr. Tem\u00edstocles Damasceno Silva, abordando pol\u00edticas e gest\u00e3o do esporte.<\/p>\n\n\n\n<p>O CREF13\/BA estar\u00e1 presente contribuindo para a valoriza\u00e7\u00e3o do esporte e da atua\u00e7\u00e3o qualificada dos Profissionais de Educa\u00e7\u00e3o F\u00edsica.<\/p>\n\n\n\n<p>\ud83d\udccd Local: C\u00e2mara de Vereadores de Jeremoabo<br>\ud83d\udcc5 Data: 13 e 14 de mar\u00e7o<\/p>\n\n\n\n<p>Participe e contribua com o futuro do esporte no munic\u00edpio!<\/p>\n","protected":false},"excerpt":{"rendered":"<p>O esporte como ferramenta de desenvolvimento, inclus\u00e3o e cidadania. \u26bd\ud83c\udfc3\u200d\u2642\ufe0f Nos dias 13 e 14 de mar\u00e7o, acontece a I Confer\u00eancia Municipal de Esporte de Jeremoabo, que contar\u00e1 com o apoio do Conselho Regional de Educa\u00e7\u00e3o F\u00edsica da 13\u00aa Regi\u00e3o &#8211; Bahia (CREF13\/BA). O evento ser\u00e1 um espa\u00e7o de di\u00e1logo, constru\u00e7\u00e3o de propostas e fortalecimento [&hellip;]<\/p>\n","protected":false},"author":3,"featured_media":12870,"comment_status":"closed","ping_status":"open","sticky":false,"template":"","format":"standard","meta":{"footnotes":""},"categories":[14],"tags":[],"class_list":["post-12869","post","type-post","status-publish","format-standard","has-post-thumbnail","hentry","category-noticias"],"_links":{"self":[{"href":"https:\/\/www.cref13.org.br\/cref13\/wp-json\/wp\/v2\/posts\/12869","targetHints":{"allow":["GET"]}}],"collection":[{"href":"https:\/\/www.cref13.org.br\/cref13\/wp-json\/wp\/v2\/posts"}],"about":[{"href":"https:\/\/www.cref13.org.br\/cref13\/wp-json\/wp\/v2\/types\/post"}],"author":[{"embeddable":true,"href":"https:\/\/www.cref13.org.br\/cref13\/wp-json\/wp\/v2\/users\/3"}],"replies":[{"embeddable":true,"href":"https:\/\/www.cref13.org.br\/cref13\/wp-json\/wp\/v2\/comments?post=12869"}],"version-history":[{"count":1,"href":"https:\/\/www.cref13.org.br\/cref13\/wp-json\/wp\/v2\/posts\/12869\/revisions"}],"predecessor-version":[{"id":12871,"href":"https:\/\/www.cref13.org.br\/cref13\/wp-json\/wp\/v2\/posts\/12869\/revisions\/12871"}],"wp:featuredmedia":[{"embeddable":true,"href":"https:\/\/www.cref13.org.br\/cref13\/wp-json\/wp\/v2\/media\/12870"}],"wp:attachment":[{"href":"https:\/\/www.cref13.org.br\/cref13\/wp-json\/wp\/v2\/media?parent=12869"}],"wp:term":[{"taxonomy":"category","embeddable":true,"href":"https:\/\/www.cref13.org.br\/cref13\/wp-json\/wp\/v2\/categories?post=12869"},{"taxonomy":"post_tag","embeddable":true,"href":"https:\/\/www.cref13.org.br\/cref13\/wp-json\/wp\/v2\/tags?post=12869"}],"curies":[{"name":"wp","href":"https:\/\/api.w.org\/{rel}","templated":true}]}}