{"id":12875,"date":"2026-03-09T17:26:35","date_gmt":"2026-03-09T20:26:35","guid":{"rendered":"https:\/\/www.cref13.org.br\/cref13\/?p=12875"},"modified":"2026-03-09T17:26:35","modified_gmt":"2026-03-09T20:26:35","slug":"cref13-ba-lanca-novo-canal-para-registro-de-denuncias","status":"publish","type":"post","link":"https:\/\/www.cref13.org.br\/cref13\/cref13-ba-lanca-novo-canal-para-registro-de-denuncias\/","title":{"rendered":"CREF13\/BA lan\u00e7a novo canal para registro de den\u00fancias"},"content":{"rendered":"\n<p><a href=\"https:\/\/youtu.be\/oE-v2zduzSc?si=wrcdxUjR8j35V18v\" data-type=\"link\" data-id=\"https:\/\/youtu.be\/oE-v2zduzSc?si=wrcdxUjR8j35V18v\"><strong><em>Assista passo a passo!<\/em><\/strong><\/a><\/p>\n\n\n\n<p>O CREF13\/BA agora conta com um novo canal para comunica\u00e7\u00e3o de den\u00fancias. A atual gest\u00e3o realizou adapta\u00e7\u00f5es e melhorias para facilitar ainda mais o acesso ao registro de den\u00fancias, fortalecendo a prote\u00e7\u00e3o da sociedade e dos Profissionais de Educa\u00e7\u00e3o F\u00edsica.<\/p>\n\n\n\n<p>Se voc\u00ea identificar supostas infra\u00e7\u00f5es no exerc\u00edcio da profiss\u00e3o ou irregularidades em estabelecimentos, \u00e9 poss\u00edvel registrar a comunica\u00e7\u00e3o diretamente pelo site do Conselho.<\/p>\n\n\n\n<p>Neste v\u00eddeo, mostramos o passo a passo para realizar a den\u00fancia de forma correta, garantindo que as informa\u00e7\u00f5es cheguem ao Departamento de Orienta\u00e7\u00e3o e Fiscaliza\u00e7\u00e3o para a devida apura\u00e7\u00e3o.<\/p>\n\n\n\n<p>A den\u00fancia n\u00e3o \u00e9 an\u00f4nima, mas os dados do denunciante s\u00e3o mantidos em sigilo, sem qualquer tipo de exposi\u00e7\u00e3o.<\/p>\n\n\n\n<p>Sua colabora\u00e7\u00e3o \u00e9 fundamental para fortalecer a fiscaliza\u00e7\u00e3o e garantir o exerc\u00edcio legal da profiss\u00e3o.<\/p>\n\n\n\n<p>Denunciar \u00e9 um ato de responsabilidade.<br>\u00c9 proteger a sociedade e valorizar a Educa\u00e7\u00e3o F\u00edsica.<\/p>\n\n\n\n<p><\/p>\n","protected":false},"excerpt":{"rendered":"<p>Assista passo a passo! O CREF13\/BA agora conta com um novo canal para comunica\u00e7\u00e3o de den\u00fancias. A atual gest\u00e3o realizou adapta\u00e7\u00f5es e melhorias para facilitar ainda mais o acesso ao registro de den\u00fancias, fortalecendo a prote\u00e7\u00e3o da sociedade e dos Profissionais de Educa\u00e7\u00e3o F\u00edsica. Se voc\u00ea identificar supostas infra\u00e7\u00f5es no exerc\u00edcio da profiss\u00e3o ou irregularidades [&hellip;]<\/p>\n","protected":false},"author":3,"featured_media":12876,"comment_status":"closed","ping_status":"open","sticky":false,"template":"","format":"standard","meta":{"footnotes":""},"categories":[14],"tags":[],"class_list":["post-12875","post","type-post","status-publish","format-standard","has-post-thumbnail","hentry","category-noticias"],"_links":{"self":[{"href":"https:\/\/www.cref13.org.br\/cref13\/wp-json\/wp\/v2\/posts\/12875","targetHints":{"allow":["GET"]}}],"collection":[{"href":"https:\/\/www.cref13.org.br\/cref13\/wp-json\/wp\/v2\/posts"}],"about":[{"href":"https:\/\/www.cref13.org.br\/cref13\/wp-json\/wp\/v2\/types\/post"}],"author":[{"embeddable":true,"href":"https:\/\/www.cref13.org.br\/cref13\/wp-json\/wp\/v2\/users\/3"}],"replies":[{"embeddable":true,"href":"https:\/\/www.cref13.org.br\/cref13\/wp-json\/wp\/v2\/comments?post=12875"}],"version-history":[{"count":1,"href":"https:\/\/www.cref13.org.br\/cref13\/wp-json\/wp\/v2\/posts\/12875\/revisions"}],"predecessor-version":[{"id":12877,"href":"https:\/\/www.cref13.org.br\/cref13\/wp-json\/wp\/v2\/posts\/12875\/revisions\/12877"}],"wp:featuredmedia":[{"embeddable":true,"href":"https:\/\/www.cref13.org.br\/cref13\/wp-json\/wp\/v2\/media\/12876"}],"wp:attachment":[{"href":"https:\/\/www.cref13.org.br\/cref13\/wp-json\/wp\/v2\/media?parent=12875"}],"wp:term":[{"taxonomy":"category","embeddable":true,"href":"https:\/\/www.cref13.org.br\/cref13\/wp-json\/wp\/v2\/categories?post=12875"},{"taxonomy":"post_tag","embeddable":true,"href":"https:\/\/www.cref13.org.br\/cref13\/wp-json\/wp\/v2\/tags?post=12875"}],"curies":[{"name":"wp","href":"https:\/\/api.w.org\/{rel}","templated":true}]}}