{"id":12943,"date":"2026-03-13T13:40:56","date_gmt":"2026-03-13T16:40:56","guid":{"rendered":"https:\/\/www.cref13.org.br\/cref13\/?p=12943"},"modified":"2026-03-16T16:04:30","modified_gmt":"2026-03-16T19:04:30","slug":"atendimento-movel-do-cref13-ba-em-jeremoabo","status":"publish","type":"post","link":"https:\/\/www.cref13.org.br\/cref13\/atendimento-movel-do-cref13-ba-em-jeremoabo\/","title":{"rendered":"Atendimento M\u00f3vel do CREF13\/BA em Jeremoabo"},"content":{"rendered":"\n<p>O CREF13\/BA estar\u00e1 em Jeremoabo no dia 14 de mar\u00e7o, com atendimento m\u00f3vel das 8h \u00e0s 17h.<\/p>\n\n\n\n<p>\ud83d\udccd Local: C\u00e2mara de Vereadores de Jeremoabo<br>Rua Porf\u00edrio Costa Borges \u2013 Jeremoabo\/BA.<\/p>\n\n\n\n<p>Essa \u00e9 a oportunidade para resolver pend\u00eancias, atualizar seu cadastro e esclarecer d\u00favidas de forma pr\u00e1tica e presencial. Durante a a\u00e7\u00e3o, estar\u00e3o dispon\u00edveis os principais servi\u00e7os do Conselho, como informa\u00e7\u00f5es sobre registro profissional e de Pessoa Jur\u00eddica (PJ), atualiza\u00e7\u00e3o cadastral, orienta\u00e7\u00f5es sobre a atua\u00e7\u00e3o profissional e regulariza\u00e7\u00e3o de pend\u00eancias.<\/p>\n\n\n\n<p>A iniciativa \u00e9 voltada a Profissionais de Educa\u00e7\u00e3o F\u00edsica e gestores de Pessoas Jur\u00eddicas, refor\u00e7ando o compromisso do CREF13\/BA em estar cada vez mais pr\u00f3ximo da categoria, ampliando o acesso aos servi\u00e7os nos territ\u00f3rios e fortalecendo o exerc\u00edcio legal, \u00e9tico e qualificado da profiss\u00e3o.<\/p>\n\n\n\n<p>\ud83d\udc49 Agende seu atendimento em: cref13.org.br<\/p>\n","protected":false},"excerpt":{"rendered":"<p>O CREF13\/BA estar\u00e1 em Jeremoabo no dia 14 de mar\u00e7o, com atendimento m\u00f3vel das 8h \u00e0s 17h. \ud83d\udccd Local: C\u00e2mara de Vereadores de JeremoaboRua Porf\u00edrio Costa Borges \u2013 Jeremoabo\/BA. Essa \u00e9 a oportunidade para resolver pend\u00eancias, atualizar seu cadastro e esclarecer d\u00favidas de forma pr\u00e1tica e presencial. Durante a a\u00e7\u00e3o, estar\u00e3o dispon\u00edveis os principais servi\u00e7os [&hellip;]<\/p>\n","protected":false},"author":3,"featured_media":12949,"comment_status":"closed","ping_status":"open","sticky":false,"template":"","format":"standard","meta":{"footnotes":""},"categories":[14],"tags":[],"class_list":["post-12943","post","type-post","status-publish","format-standard","has-post-thumbnail","hentry","category-noticias"],"_links":{"self":[{"href":"https:\/\/www.cref13.org.br\/cref13\/wp-json\/wp\/v2\/posts\/12943","targetHints":{"allow":["GET"]}}],"collection":[{"href":"https:\/\/www.cref13.org.br\/cref13\/wp-json\/wp\/v2\/posts"}],"about":[{"href":"https:\/\/www.cref13.org.br\/cref13\/wp-json\/wp\/v2\/types\/post"}],"author":[{"embeddable":true,"href":"https:\/\/www.cref13.org.br\/cref13\/wp-json\/wp\/v2\/users\/3"}],"replies":[{"embeddable":true,"href":"https:\/\/www.cref13.org.br\/cref13\/wp-json\/wp\/v2\/comments?post=12943"}],"version-history":[{"count":1,"href":"https:\/\/www.cref13.org.br\/cref13\/wp-json\/wp\/v2\/posts\/12943\/revisions"}],"predecessor-version":[{"id":12945,"href":"https:\/\/www.cref13.org.br\/cref13\/wp-json\/wp\/v2\/posts\/12943\/revisions\/12945"}],"wp:featuredmedia":[{"embeddable":true,"href":"https:\/\/www.cref13.org.br\/cref13\/wp-json\/wp\/v2\/media\/12949"}],"wp:attachment":[{"href":"https:\/\/www.cref13.org.br\/cref13\/wp-json\/wp\/v2\/media?parent=12943"}],"wp:term":[{"taxonomy":"category","embeddable":true,"href":"https:\/\/www.cref13.org.br\/cref13\/wp-json\/wp\/v2\/categories?post=12943"},{"taxonomy":"post_tag","embeddable":true,"href":"https:\/\/www.cref13.org.br\/cref13\/wp-json\/wp\/v2\/tags?post=12943"}],"curies":[{"name":"wp","href":"https:\/\/api.w.org\/{rel}","templated":true}]}}