{"id":12946,"date":"2026-03-16T16:03:33","date_gmt":"2026-03-16T19:03:33","guid":{"rendered":"https:\/\/www.cref13.org.br\/cref13\/?p=12946"},"modified":"2026-03-16T16:03:33","modified_gmt":"2026-03-16T19:03:33","slug":"saiu-na-midia","status":"publish","type":"post","link":"https:\/\/www.cref13.org.br\/cref13\/saiu-na-midia\/","title":{"rendered":"Saiu na M\u00eddia!"},"content":{"rendered":"\n<p><\/p>\n\n\n\n<p>O presidente do Conselho Regional de Educa\u00e7\u00e3o F\u00edsica da 13\u00aa Regi\u00e3o &#8211; Bahia (CREF13\/BA), Rog\u00e9rio Jean Moura Gon\u00e7alves, concedeu na \u00faltima semana, uma entrevista ao portal Corre Bahia, detalhando a elabora\u00e7\u00e3o de uma Nota T\u00e9cnica (NT) com diretrizes voltadas \u00e0 organiza\u00e7\u00e3o das corridas de rua em todo o Estado da Bahia.<\/p>\n\n\n\n<p>A iniciativa surge diante do crescimento do n\u00famero de eventos na capital baiana e da necessidade de estabelecer par\u00e2metros que contribuam para a qualifica\u00e7\u00e3o das provas, a seguran\u00e7a dos participantes e o fortalecimento do setor.<\/p>\n\n\n\n<p>A proposta \u00e9 reunir recomenda\u00e7\u00f5es t\u00e9cnicas que orientem os organizadores, reforcem a import\u00e2ncia da atua\u00e7\u00e3o de profissionais de Educa\u00e7\u00e3o F\u00edsica e promovam uma padroniza\u00e7\u00e3o m\u00ednima na realiza\u00e7\u00e3o das corridas.<\/p>\n\n\n\n<p>A expectativa \u00e9 que as medidas contribuam para o desenvolvimento organizado e seguro das corridas de rua na cidade, beneficiando atletas, organizadores e a sociedade.<\/p>\n","protected":false},"excerpt":{"rendered":"<p>O presidente do Conselho Regional de Educa\u00e7\u00e3o F\u00edsica da 13\u00aa Regi\u00e3o &#8211; Bahia (CREF13\/BA), Rog\u00e9rio Jean Moura Gon\u00e7alves, concedeu na \u00faltima semana, uma entrevista ao portal Corre Bahia, detalhando a elabora\u00e7\u00e3o de uma Nota T\u00e9cnica (NT) com diretrizes voltadas \u00e0 organiza\u00e7\u00e3o das corridas de rua em todo o Estado da Bahia. A iniciativa surge diante [&hellip;]<\/p>\n","protected":false},"author":3,"featured_media":12947,"comment_status":"closed","ping_status":"open","sticky":false,"template":"","format":"standard","meta":{"footnotes":""},"categories":[14],"tags":[],"class_list":["post-12946","post","type-post","status-publish","format-standard","has-post-thumbnail","hentry","category-noticias"],"_links":{"self":[{"href":"https:\/\/www.cref13.org.br\/cref13\/wp-json\/wp\/v2\/posts\/12946","targetHints":{"allow":["GET"]}}],"collection":[{"href":"https:\/\/www.cref13.org.br\/cref13\/wp-json\/wp\/v2\/posts"}],"about":[{"href":"https:\/\/www.cref13.org.br\/cref13\/wp-json\/wp\/v2\/types\/post"}],"author":[{"embeddable":true,"href":"https:\/\/www.cref13.org.br\/cref13\/wp-json\/wp\/v2\/users\/3"}],"replies":[{"embeddable":true,"href":"https:\/\/www.cref13.org.br\/cref13\/wp-json\/wp\/v2\/comments?post=12946"}],"version-history":[{"count":1,"href":"https:\/\/www.cref13.org.br\/cref13\/wp-json\/wp\/v2\/posts\/12946\/revisions"}],"predecessor-version":[{"id":12948,"href":"https:\/\/www.cref13.org.br\/cref13\/wp-json\/wp\/v2\/posts\/12946\/revisions\/12948"}],"wp:featuredmedia":[{"embeddable":true,"href":"https:\/\/www.cref13.org.br\/cref13\/wp-json\/wp\/v2\/media\/12947"}],"wp:attachment":[{"href":"https:\/\/www.cref13.org.br\/cref13\/wp-json\/wp\/v2\/media?parent=12946"}],"wp:term":[{"taxonomy":"category","embeddable":true,"href":"https:\/\/www.cref13.org.br\/cref13\/wp-json\/wp\/v2\/categories?post=12946"},{"taxonomy":"post_tag","embeddable":true,"href":"https:\/\/www.cref13.org.br\/cref13\/wp-json\/wp\/v2\/tags?post=12946"}],"curies":[{"name":"wp","href":"https:\/\/api.w.org\/{rel}","templated":true}]}}