{"id":12950,"date":"2026-03-17T08:57:26","date_gmt":"2026-03-17T11:57:26","guid":{"rendered":"https:\/\/www.cref13.org.br\/cref13\/?p=12950"},"modified":"2026-03-17T08:57:26","modified_gmt":"2026-03-17T11:57:26","slug":"academias-sao-interditadas-no-extremo-sul-da-bahia-apos-identificacao-de-irregularidades","status":"publish","type":"post","link":"https:\/\/www.cref13.org.br\/cref13\/academias-sao-interditadas-no-extremo-sul-da-bahia-apos-identificacao-de-irregularidades\/","title":{"rendered":"Academias s\u00e3o interditadas no Extremo Sul da Bahia ap\u00f3s identifica\u00e7\u00e3o de irregularidades."},"content":{"rendered":"\n<p><\/p>\n\n\n\n<p>Durante mais uma etapa da Opera\u00e7\u00e3o Academia Legal, o CREF13\/BA identificou irregularidades e realizou a interdi\u00e7\u00e3o de academias nos munic\u00edpios de Porto Seguro e Santa Cruz Cabr\u00e1lia.<\/p>\n\n\n\n<p>A a\u00e7\u00e3o tem como objetivo garantir que a popula\u00e7\u00e3o pratique atividade f\u00edsica com seguran\u00e7a, orienta\u00e7\u00e3o profissional e dentro da legalidade, valorizando tamb\u00e9m os Profissionais de Educa\u00e7\u00e3o F\u00edsica que atuam de forma regular.<\/p>\n\n\n\n<p>\ud83d\udce2 O Conselho refor\u00e7a que den\u00fancias sobre exerc\u00edcio ilegal da profiss\u00e3o ou irregularidades em academias podem ser realizadas pelo site: cref13.org.br<\/p>\n","protected":false},"excerpt":{"rendered":"<p>Durante mais uma etapa da Opera\u00e7\u00e3o Academia Legal, o CREF13\/BA identificou irregularidades e realizou a interdi\u00e7\u00e3o de academias nos munic\u00edpios de Porto Seguro e Santa Cruz Cabr\u00e1lia. A a\u00e7\u00e3o tem como objetivo garantir que a popula\u00e7\u00e3o pratique atividade f\u00edsica com seguran\u00e7a, orienta\u00e7\u00e3o profissional e dentro da legalidade, valorizando tamb\u00e9m os Profissionais de Educa\u00e7\u00e3o F\u00edsica que [&hellip;]<\/p>\n","protected":false},"author":3,"featured_media":12951,"comment_status":"closed","ping_status":"open","sticky":false,"template":"","format":"standard","meta":{"footnotes":""},"categories":[14],"tags":[],"class_list":["post-12950","post","type-post","status-publish","format-standard","has-post-thumbnail","hentry","category-noticias"],"_links":{"self":[{"href":"https:\/\/www.cref13.org.br\/cref13\/wp-json\/wp\/v2\/posts\/12950","targetHints":{"allow":["GET"]}}],"collection":[{"href":"https:\/\/www.cref13.org.br\/cref13\/wp-json\/wp\/v2\/posts"}],"about":[{"href":"https:\/\/www.cref13.org.br\/cref13\/wp-json\/wp\/v2\/types\/post"}],"author":[{"embeddable":true,"href":"https:\/\/www.cref13.org.br\/cref13\/wp-json\/wp\/v2\/users\/3"}],"replies":[{"embeddable":true,"href":"https:\/\/www.cref13.org.br\/cref13\/wp-json\/wp\/v2\/comments?post=12950"}],"version-history":[{"count":1,"href":"https:\/\/www.cref13.org.br\/cref13\/wp-json\/wp\/v2\/posts\/12950\/revisions"}],"predecessor-version":[{"id":12952,"href":"https:\/\/www.cref13.org.br\/cref13\/wp-json\/wp\/v2\/posts\/12950\/revisions\/12952"}],"wp:featuredmedia":[{"embeddable":true,"href":"https:\/\/www.cref13.org.br\/cref13\/wp-json\/wp\/v2\/media\/12951"}],"wp:attachment":[{"href":"https:\/\/www.cref13.org.br\/cref13\/wp-json\/wp\/v2\/media?parent=12950"}],"wp:term":[{"taxonomy":"category","embeddable":true,"href":"https:\/\/www.cref13.org.br\/cref13\/wp-json\/wp\/v2\/categories?post=12950"},{"taxonomy":"post_tag","embeddable":true,"href":"https:\/\/www.cref13.org.br\/cref13\/wp-json\/wp\/v2\/tags?post=12950"}],"curies":[{"name":"wp","href":"https:\/\/api.w.org\/{rel}","templated":true}]}}