{"id":12957,"date":"2026-03-18T17:49:00","date_gmt":"2026-03-18T20:49:00","guid":{"rendered":"https:\/\/www.cref13.org.br\/cref13\/?p=12957"},"modified":"2026-03-19T08:50:01","modified_gmt":"2026-03-19T11:50:01","slug":"curso-basico-de-arbitragem-em-atletismo","status":"publish","type":"post","link":"https:\/\/www.cref13.org.br\/cref13\/curso-basico-de-arbitragem-em-atletismo\/","title":{"rendered":"Curso B\u00e1sico de Arbitragem em Atletismo"},"content":{"rendered":"\n<p>O CREF13\/BA, em parceria com a Federa\u00e7\u00e3o Bahiana de Atletismo, com apoio da Confedera\u00e7\u00e3o Brasileira de Atletismo (CBAt), da Superintend\u00eancia dos Desportos do Estado da Bahia (SUDESB) e da Secretaria do Trabalho, Emprego, Renda e Esporte (SETRE), divulga o Curso B\u00e1sico de Arbitragem em Atletismo \u2013 Salvador\/BA, uma iniciativa que fortalece a qualifica\u00e7\u00e3o profissional e o desenvolvimento do esporte no estado.<\/p>\n\n\n\n<p>A forma\u00e7\u00e3o \u00e9 uma excelente oportunidade para profissionais e interessados que desejam atuar ou se aperfei\u00e7oar na arbitragem esportiva, especialmente diante do crescimento das corridas de rua na Bahia.<\/p>\n\n\n\n<p>\ud83d\udccd Salvador \u2013 BA<\/p>\n\n\n\n<p>\ud83d\udcc5 Datas:<br>\u2022 20 a 23 de abril de 2026 \u2013 Aulas te\u00f3ricas (on-line, per\u00edodo noturno)<br>\u2022 25 e 26 de abril de 2026 \u2013 Aulas pr\u00e1ticas e avalia\u00e7\u00e3o (presencial)<\/p>\n\n\n\n<p>\ud83d\udc68\u200d\ud83c\udfeb Ministrante:<br>Kallyl David Alencar Santos \u2013 CBAt n\u00ba 4141 \u2013 NAR \/ WA<\/p>\n\n\n\n<p>\u26a0\ufe0f Vagas limitadas<\/p>\n\n\n\n<p>O curso tem como objetivo capacitar novos \u00e1rbitros de atletismo, contribuindo para suprir a demanda por profissionais qualificados em diversas regi\u00f5es da Bahia, al\u00e9m de fortalecer a organiza\u00e7\u00e3o e a seguran\u00e7a das competi\u00e7\u00f5es.<\/p>\n\n\n\n<p>As vagas ser\u00e3o distribu\u00eddas prioritariamente por Territ\u00f3rios de Identidade, ampliando o alcance da forma\u00e7\u00e3o em todo o estado.<\/p>\n\n\n\n<p>\ud83d\udcf2 Para mais informa\u00e7\u00f5es e inscri\u00e7\u00f5es, acompanhe:&nbsp;<a href=\"https:\/\/www.instagram.com\/fbatletismo_oficial\/\">@fbatletismo_oficial<\/a><\/p>\n\n\n\n<p><\/p>\n","protected":false},"excerpt":{"rendered":"<p>O CREF13\/BA, em parceria com a Federa\u00e7\u00e3o Bahiana de Atletismo, com apoio da Confedera\u00e7\u00e3o Brasileira de Atletismo (CBAt), da Superintend\u00eancia dos Desportos do Estado da Bahia (SUDESB) e da Secretaria do Trabalho, Emprego, Renda e Esporte (SETRE), divulga o Curso B\u00e1sico de Arbitragem em Atletismo \u2013 Salvador\/BA, uma iniciativa que fortalece a qualifica\u00e7\u00e3o profissional e [&hellip;]<\/p>\n","protected":false},"author":3,"featured_media":12958,"comment_status":"closed","ping_status":"open","sticky":false,"template":"","format":"standard","meta":{"footnotes":""},"categories":[14],"tags":[],"class_list":["post-12957","post","type-post","status-publish","format-standard","has-post-thumbnail","hentry","category-noticias"],"_links":{"self":[{"href":"https:\/\/www.cref13.org.br\/cref13\/wp-json\/wp\/v2\/posts\/12957","targetHints":{"allow":["GET"]}}],"collection":[{"href":"https:\/\/www.cref13.org.br\/cref13\/wp-json\/wp\/v2\/posts"}],"about":[{"href":"https:\/\/www.cref13.org.br\/cref13\/wp-json\/wp\/v2\/types\/post"}],"author":[{"embeddable":true,"href":"https:\/\/www.cref13.org.br\/cref13\/wp-json\/wp\/v2\/users\/3"}],"replies":[{"embeddable":true,"href":"https:\/\/www.cref13.org.br\/cref13\/wp-json\/wp\/v2\/comments?post=12957"}],"version-history":[{"count":1,"href":"https:\/\/www.cref13.org.br\/cref13\/wp-json\/wp\/v2\/posts\/12957\/revisions"}],"predecessor-version":[{"id":12959,"href":"https:\/\/www.cref13.org.br\/cref13\/wp-json\/wp\/v2\/posts\/12957\/revisions\/12959"}],"wp:featuredmedia":[{"embeddable":true,"href":"https:\/\/www.cref13.org.br\/cref13\/wp-json\/wp\/v2\/media\/12958"}],"wp:attachment":[{"href":"https:\/\/www.cref13.org.br\/cref13\/wp-json\/wp\/v2\/media?parent=12957"}],"wp:term":[{"taxonomy":"category","embeddable":true,"href":"https:\/\/www.cref13.org.br\/cref13\/wp-json\/wp\/v2\/categories?post=12957"},{"taxonomy":"post_tag","embeddable":true,"href":"https:\/\/www.cref13.org.br\/cref13\/wp-json\/wp\/v2\/tags?post=12957"}],"curies":[{"name":"wp","href":"https:\/\/api.w.org\/{rel}","templated":true}]}}