{"id":12960,"date":"2026-03-19T12:15:31","date_gmt":"2026-03-19T15:15:31","guid":{"rendered":"https:\/\/www.cref13.org.br\/cref13\/?p=12960"},"modified":"2026-03-19T12:15:31","modified_gmt":"2026-03-19T15:15:31","slug":"1a-conferencia-municipal-de-esportes-de-jeremoabo","status":"publish","type":"post","link":"https:\/\/www.cref13.org.br\/cref13\/1a-conferencia-municipal-de-esportes-de-jeremoabo\/","title":{"rendered":"1\u00aa Confer\u00eancia Municipal de Esportes de Jeremoabo"},"content":{"rendered":"\n<p>O Conselho Regional de Educa\u00e7\u00e3o F\u00edsica da 13\u00aa Regi\u00e3o \u2013 CREF13\/BA esteve presente na 1\u00aa Confer\u00eancia Municipal de Esportes de Jeremoabo, realizada ao longo de dois dias e marcada por importantes momentos de di\u00e1logo, planejamento e constru\u00e7\u00e3o de pol\u00edticas p\u00fablicas voltadas ao fortalecimento do esporte no munic\u00edpio.<\/p>\n\n\n\n<p>Representando o presidente do CREF13\/BA, Rog\u00e9rio Moura, participou do evento o conselheiro Luiz Piti\u00e1 (CREF002761-G\/BA), refor\u00e7ando o compromisso do Conselho com o desenvolvimento do esporte e com a valoriza\u00e7\u00e3o da atua\u00e7\u00e3o profissional da Educa\u00e7\u00e3o F\u00edsica.<\/p>\n\n\n\n<p>Durante a confer\u00eancia, o CREF13\/BA tamb\u00e9m disponibilizou o atendimento m\u00f3vel, levando ao munic\u00edpio os servi\u00e7os oferecidos na sede do Conselho e ampliando o acesso dos profissionais da regi\u00e3o a orienta\u00e7\u00f5es, regulariza\u00e7\u00e3o e demais atendimentos institucionais.<\/p>\n\n\n\n<p>A presen\u00e7a do Conselho no evento refor\u00e7a a rela\u00e7\u00e3o de di\u00e1logo e parceria com o poder p\u00fablico local. O CREF13\/BA tem atuado de forma pr\u00f3xima ao munic\u00edpio de Jeremoabo, contando com o apoio do Profissional de Educa\u00e7\u00e3o F\u00edsica e ex vereador de Jeremoabo, Jairo Varj\u00e3o (CREF015679-G\/BA) e do secret\u00e1rio municipal de Esportes, Didi da Padaria, na constru\u00e7\u00e3o de iniciativas que fortalecem o esporte e ampliam as oportunidades para a popula\u00e7\u00e3o.<\/p>\n\n\n\n<p>O CREF13\/BA segue comprometido em contribuir para o avan\u00e7o de pol\u00edticas p\u00fablicas que reconhe\u00e7am a import\u00e2ncia da Educa\u00e7\u00e3o F\u00edsica para a sa\u00fade, o esporte e a qualidade de vida da sociedade.<\/p>\n","protected":false},"excerpt":{"rendered":"<p>O Conselho Regional de Educa\u00e7\u00e3o F\u00edsica da 13\u00aa Regi\u00e3o \u2013 CREF13\/BA esteve presente na 1\u00aa Confer\u00eancia Municipal de Esportes de Jeremoabo, realizada ao longo de dois dias e marcada por importantes momentos de di\u00e1logo, planejamento e constru\u00e7\u00e3o de pol\u00edticas p\u00fablicas voltadas ao fortalecimento do esporte no munic\u00edpio. Representando o presidente do CREF13\/BA, Rog\u00e9rio Moura, participou [&hellip;]<\/p>\n","protected":false},"author":3,"featured_media":12961,"comment_status":"closed","ping_status":"open","sticky":false,"template":"","format":"standard","meta":{"footnotes":""},"categories":[14],"tags":[],"class_list":["post-12960","post","type-post","status-publish","format-standard","has-post-thumbnail","hentry","category-noticias"],"_links":{"self":[{"href":"https:\/\/www.cref13.org.br\/cref13\/wp-json\/wp\/v2\/posts\/12960","targetHints":{"allow":["GET"]}}],"collection":[{"href":"https:\/\/www.cref13.org.br\/cref13\/wp-json\/wp\/v2\/posts"}],"about":[{"href":"https:\/\/www.cref13.org.br\/cref13\/wp-json\/wp\/v2\/types\/post"}],"author":[{"embeddable":true,"href":"https:\/\/www.cref13.org.br\/cref13\/wp-json\/wp\/v2\/users\/3"}],"replies":[{"embeddable":true,"href":"https:\/\/www.cref13.org.br\/cref13\/wp-json\/wp\/v2\/comments?post=12960"}],"version-history":[{"count":1,"href":"https:\/\/www.cref13.org.br\/cref13\/wp-json\/wp\/v2\/posts\/12960\/revisions"}],"predecessor-version":[{"id":12962,"href":"https:\/\/www.cref13.org.br\/cref13\/wp-json\/wp\/v2\/posts\/12960\/revisions\/12962"}],"wp:featuredmedia":[{"embeddable":true,"href":"https:\/\/www.cref13.org.br\/cref13\/wp-json\/wp\/v2\/media\/12961"}],"wp:attachment":[{"href":"https:\/\/www.cref13.org.br\/cref13\/wp-json\/wp\/v2\/media?parent=12960"}],"wp:term":[{"taxonomy":"category","embeddable":true,"href":"https:\/\/www.cref13.org.br\/cref13\/wp-json\/wp\/v2\/categories?post=12960"},{"taxonomy":"post_tag","embeddable":true,"href":"https:\/\/www.cref13.org.br\/cref13\/wp-json\/wp\/v2\/tags?post=12960"}],"curies":[{"name":"wp","href":"https:\/\/api.w.org\/{rel}","templated":true}]}}