{"id":12966,"date":"2026-03-20T08:00:00","date_gmt":"2026-03-20T11:00:00","guid":{"rendered":"https:\/\/www.cref13.org.br\/cref13\/?p=12966"},"modified":"2026-03-20T12:21:36","modified_gmt":"2026-03-20T15:21:36","slug":"mais-uma-vitoria-do-cref13-ba-em-defesa-da-profissao-e-da-sociedade","status":"publish","type":"post","link":"https:\/\/www.cref13.org.br\/cref13\/mais-uma-vitoria-do-cref13-ba-em-defesa-da-profissao-e-da-sociedade\/","title":{"rendered":"Mais uma vit\u00f3ria do CREF13\/BA em defesa da profiss\u00e3o e da sociedade!"},"content":{"rendered":"\n<p><\/p>\n\n\n\n<p>Ap\u00f3s a\u00e7\u00e3o civil p\u00fablica, a Justi\u00e7a determinou a retifica\u00e7\u00e3o do edital do concurso p\u00fablico do Munic\u00edpio de Saubara\/BA, passando a exigir, al\u00e9m do diploma de Licenciatura em Educa\u00e7\u00e3o F\u00edsica, o registro no CREF13\/BA como requisito para posse no cargo de Professor(a) de Educa\u00e7\u00e3o F\u00edsica.<\/p>\n\n\n\n<p>A decis\u00e3o reafirma a import\u00e2ncia da atua\u00e7\u00e3o de profissionais devidamente habilitados, garantindo mais seguran\u00e7a para a popula\u00e7\u00e3o, valoriza\u00e7\u00e3o para a categoria e contribuindo diretamente para a gera\u00e7\u00e3o de emprego e renda para o profissional de educa\u00e7\u00e3o f\u00edsica registrado no conselho.<\/p>\n\n\n\n<p>O munic\u00edpio cumpriu a determina\u00e7\u00e3o judicial e j\u00e1 apresentou o edital retificado, alinhado \u00e0 legisla\u00e7\u00e3o vigente.<\/p>\n\n\n\n<p>Seguimos firmes na fiscaliza\u00e7\u00e3o, na legalidade e na valoriza\u00e7\u00e3o da Educa\u00e7\u00e3o F\u00edsica.<\/p>\n\n\n\n<p><\/p>\n","protected":false},"excerpt":{"rendered":"<p>Ap\u00f3s a\u00e7\u00e3o civil p\u00fablica, a Justi\u00e7a determinou a retifica\u00e7\u00e3o do edital do concurso p\u00fablico do Munic\u00edpio de Saubara\/BA, passando a exigir, al\u00e9m do diploma de Licenciatura em Educa\u00e7\u00e3o F\u00edsica, o registro no CREF13\/BA como requisito para posse no cargo de Professor(a) de Educa\u00e7\u00e3o F\u00edsica. A decis\u00e3o reafirma a import\u00e2ncia da atua\u00e7\u00e3o de profissionais devidamente habilitados, [&hellip;]<\/p>\n","protected":false},"author":3,"featured_media":12967,"comment_status":"closed","ping_status":"open","sticky":false,"template":"","format":"standard","meta":{"footnotes":""},"categories":[14],"tags":[],"class_list":["post-12966","post","type-post","status-publish","format-standard","has-post-thumbnail","hentry","category-noticias"],"_links":{"self":[{"href":"https:\/\/www.cref13.org.br\/cref13\/wp-json\/wp\/v2\/posts\/12966","targetHints":{"allow":["GET"]}}],"collection":[{"href":"https:\/\/www.cref13.org.br\/cref13\/wp-json\/wp\/v2\/posts"}],"about":[{"href":"https:\/\/www.cref13.org.br\/cref13\/wp-json\/wp\/v2\/types\/post"}],"author":[{"embeddable":true,"href":"https:\/\/www.cref13.org.br\/cref13\/wp-json\/wp\/v2\/users\/3"}],"replies":[{"embeddable":true,"href":"https:\/\/www.cref13.org.br\/cref13\/wp-json\/wp\/v2\/comments?post=12966"}],"version-history":[{"count":1,"href":"https:\/\/www.cref13.org.br\/cref13\/wp-json\/wp\/v2\/posts\/12966\/revisions"}],"predecessor-version":[{"id":12968,"href":"https:\/\/www.cref13.org.br\/cref13\/wp-json\/wp\/v2\/posts\/12966\/revisions\/12968"}],"wp:featuredmedia":[{"embeddable":true,"href":"https:\/\/www.cref13.org.br\/cref13\/wp-json\/wp\/v2\/media\/12967"}],"wp:attachment":[{"href":"https:\/\/www.cref13.org.br\/cref13\/wp-json\/wp\/v2\/media?parent=12966"}],"wp:term":[{"taxonomy":"category","embeddable":true,"href":"https:\/\/www.cref13.org.br\/cref13\/wp-json\/wp\/v2\/categories?post=12966"},{"taxonomy":"post_tag","embeddable":true,"href":"https:\/\/www.cref13.org.br\/cref13\/wp-json\/wp\/v2\/tags?post=12966"}],"curies":[{"name":"wp","href":"https:\/\/api.w.org\/{rel}","templated":true}]}}