{"id":12969,"date":"2026-03-20T12:23:47","date_gmt":"2026-03-20T15:23:47","guid":{"rendered":"https:\/\/www.cref13.org.br\/cref13\/?p=12969"},"modified":"2026-03-20T12:23:47","modified_gmt":"2026-03-20T15:23:47","slug":"fitness-bahia-expo-em-teixeira-de-freitas","status":"publish","type":"post","link":"https:\/\/www.cref13.org.br\/cref13\/fitness-bahia-expo-em-teixeira-de-freitas\/","title":{"rendered":"Fitness Bahia Expo em Teixeira de Freitas!"},"content":{"rendered":"\n<p>A Fitness Bahia Expo re\u00fane grandes nomes que s\u00e3o refer\u00eancia no Brasil quando o assunto \u00e9 sa\u00fade, performance, est\u00e9tica e mentalidade.<br>Profissionais que vivem o que ensinam, constroem resultados na pr\u00e1tica e compartilham conhecimento de verdade com voc\u00ea.<\/p>\n\n\n\n<p>\ud83d\udca5 Presen\u00e7as confirmadas:<br>J\u00falio Balestrin, Andreia Pinheiro, Josias Alencar, Dr. Igor Malacarne, Psi. Katy Palladino, Dayse Martins, Dr. Nilton e Marcelo Affonso \u2014 um line-up que eleva o n\u00edvel do evento a outro patamar.<\/p>\n\n\n\n<p>\ud83e\udd1d O CREF13\/BA est\u00e1 apoiando o evento e garantiu desconto especial para profissionais registrados.<br>\ud83d\udc49 Use o cupom: CREF13<\/p>\n\n\n\n<p>\ud83d\udcc5 17 a 19 de abril<br>\ud83d\udccd Clube Jacarand\u00e1 \u2013 Teixeira de Freitas\/BA<\/p>\n\n\n\n<p>\u26a0\ufe0f Garanta sua vaga e esteja onde o conhecimento encontra a pr\u00e1tica!<\/p>\n\n\n\n<p>\ud83c\udf9f\ufe0f Inscreva-se: https:\/\/www.sympla.com.br\/evento\/v-teixeira-fitness-workshop-de-periodizacao-aplicada-ao-treinamento-personalizado\/3278103<br>Suporte: https:\/\/wa.link\/uw1hzs.<\/p>\n","protected":false},"excerpt":{"rendered":"<p>A Fitness Bahia Expo re\u00fane grandes nomes que s\u00e3o refer\u00eancia no Brasil quando o assunto \u00e9 sa\u00fade, performance, est\u00e9tica e mentalidade.Profissionais que vivem o que ensinam, constroem resultados na pr\u00e1tica e compartilham conhecimento de verdade com voc\u00ea. \ud83d\udca5 Presen\u00e7as confirmadas:J\u00falio Balestrin, Andreia Pinheiro, Josias Alencar, Dr. Igor Malacarne, Psi. Katy Palladino, Dayse Martins, Dr. Nilton [&hellip;]<\/p>\n","protected":false},"author":3,"featured_media":12970,"comment_status":"closed","ping_status":"open","sticky":false,"template":"","format":"standard","meta":{"footnotes":""},"categories":[14],"tags":[],"class_list":["post-12969","post","type-post","status-publish","format-standard","has-post-thumbnail","hentry","category-noticias"],"_links":{"self":[{"href":"https:\/\/www.cref13.org.br\/cref13\/wp-json\/wp\/v2\/posts\/12969","targetHints":{"allow":["GET"]}}],"collection":[{"href":"https:\/\/www.cref13.org.br\/cref13\/wp-json\/wp\/v2\/posts"}],"about":[{"href":"https:\/\/www.cref13.org.br\/cref13\/wp-json\/wp\/v2\/types\/post"}],"author":[{"embeddable":true,"href":"https:\/\/www.cref13.org.br\/cref13\/wp-json\/wp\/v2\/users\/3"}],"replies":[{"embeddable":true,"href":"https:\/\/www.cref13.org.br\/cref13\/wp-json\/wp\/v2\/comments?post=12969"}],"version-history":[{"count":1,"href":"https:\/\/www.cref13.org.br\/cref13\/wp-json\/wp\/v2\/posts\/12969\/revisions"}],"predecessor-version":[{"id":12971,"href":"https:\/\/www.cref13.org.br\/cref13\/wp-json\/wp\/v2\/posts\/12969\/revisions\/12971"}],"wp:featuredmedia":[{"embeddable":true,"href":"https:\/\/www.cref13.org.br\/cref13\/wp-json\/wp\/v2\/media\/12970"}],"wp:attachment":[{"href":"https:\/\/www.cref13.org.br\/cref13\/wp-json\/wp\/v2\/media?parent=12969"}],"wp:term":[{"taxonomy":"category","embeddable":true,"href":"https:\/\/www.cref13.org.br\/cref13\/wp-json\/wp\/v2\/categories?post=12969"},{"taxonomy":"post_tag","embeddable":true,"href":"https:\/\/www.cref13.org.br\/cref13\/wp-json\/wp\/v2\/tags?post=12969"}],"curies":[{"name":"wp","href":"https:\/\/api.w.org\/{rel}","templated":true}]}}