{"id":12972,"date":"2026-03-21T08:08:00","date_gmt":"2026-03-21T11:08:00","guid":{"rendered":"https:\/\/www.cref13.org.br\/cref13\/?p=12972"},"modified":"2026-03-23T09:10:43","modified_gmt":"2026-03-23T12:10:43","slug":"dia-internacional-da-sindrome-de-down-2","status":"publish","type":"post","link":"https:\/\/www.cref13.org.br\/cref13\/dia-internacional-da-sindrome-de-down-2\/","title":{"rendered":"Dia Internacional da S\u00edndrome de Down"},"content":{"rendered":"\n<p>A atividade f\u00edsica desempenha um papel fundamental no desenvolvimento de crian\u00e7as com S\u00edndrome de Down, contribuindo para o fortalecimento muscular, melhora da coordena\u00e7\u00e3o motora, equil\u00edbrio e est\u00edmulo \u00e0 autonomia. Por apresentarem, em muitos casos, t\u00f4nus muscular reduzido e maior predisposi\u00e7\u00e3o ao sedentarismo, o est\u00edmulo ao movimento desde a inf\u00e2ncia \u00e9 essencial para promover sa\u00fade, qualidade de vida e inclus\u00e3o.<\/p>\n\n\n\n<p>Nesse contexto, a atua\u00e7\u00e3o do Profissional de Educa\u00e7\u00e3o F\u00edsica \u00e9 indispens\u00e1vel. \u00c9 esse profissional que possui a forma\u00e7\u00e3o adequada para planejar, orientar e adaptar atividades f\u00edsicas de forma segura, respeitando as necessidades e individualidades de cada crian\u00e7a. O CREF13\/BA refor\u00e7a que a pr\u00e1tica de atividades f\u00edsicas deve sempre ser conduzida por Profissional de Educa\u00e7\u00e3o F\u00edsica habilitado, garantindo seguran\u00e7a, desenvolvimento e bem-estar.<\/p>\n\n\n\n<p><\/p>\n","protected":false},"excerpt":{"rendered":"<p>A atividade f\u00edsica desempenha um papel fundamental no desenvolvimento de crian\u00e7as com S\u00edndrome de Down, contribuindo para o fortalecimento muscular, melhora da coordena\u00e7\u00e3o motora, equil\u00edbrio e est\u00edmulo \u00e0 autonomia. Por apresentarem, em muitos casos, t\u00f4nus muscular reduzido e maior predisposi\u00e7\u00e3o ao sedentarismo, o est\u00edmulo ao movimento desde a inf\u00e2ncia \u00e9 essencial para promover sa\u00fade, qualidade [&hellip;]<\/p>\n","protected":false},"author":3,"featured_media":12973,"comment_status":"closed","ping_status":"open","sticky":false,"template":"","format":"standard","meta":{"footnotes":""},"categories":[14],"tags":[],"class_list":["post-12972","post","type-post","status-publish","format-standard","has-post-thumbnail","hentry","category-noticias"],"_links":{"self":[{"href":"https:\/\/www.cref13.org.br\/cref13\/wp-json\/wp\/v2\/posts\/12972","targetHints":{"allow":["GET"]}}],"collection":[{"href":"https:\/\/www.cref13.org.br\/cref13\/wp-json\/wp\/v2\/posts"}],"about":[{"href":"https:\/\/www.cref13.org.br\/cref13\/wp-json\/wp\/v2\/types\/post"}],"author":[{"embeddable":true,"href":"https:\/\/www.cref13.org.br\/cref13\/wp-json\/wp\/v2\/users\/3"}],"replies":[{"embeddable":true,"href":"https:\/\/www.cref13.org.br\/cref13\/wp-json\/wp\/v2\/comments?post=12972"}],"version-history":[{"count":1,"href":"https:\/\/www.cref13.org.br\/cref13\/wp-json\/wp\/v2\/posts\/12972\/revisions"}],"predecessor-version":[{"id":12974,"href":"https:\/\/www.cref13.org.br\/cref13\/wp-json\/wp\/v2\/posts\/12972\/revisions\/12974"}],"wp:featuredmedia":[{"embeddable":true,"href":"https:\/\/www.cref13.org.br\/cref13\/wp-json\/wp\/v2\/media\/12973"}],"wp:attachment":[{"href":"https:\/\/www.cref13.org.br\/cref13\/wp-json\/wp\/v2\/media?parent=12972"}],"wp:term":[{"taxonomy":"category","embeddable":true,"href":"https:\/\/www.cref13.org.br\/cref13\/wp-json\/wp\/v2\/categories?post=12972"},{"taxonomy":"post_tag","embeddable":true,"href":"https:\/\/www.cref13.org.br\/cref13\/wp-json\/wp\/v2\/tags?post=12972"}],"curies":[{"name":"wp","href":"https:\/\/api.w.org\/{rel}","templated":true}]}}