{"id":12990,"date":"2026-03-29T09:13:37","date_gmt":"2026-03-29T12:13:37","guid":{"rendered":"https:\/\/www.cref13.org.br\/cref13\/?p=12990"},"modified":"2026-03-31T09:15:18","modified_gmt":"2026-03-31T12:15:18","slug":"477-anos-de-salvador","status":"publish","type":"post","link":"https:\/\/www.cref13.org.br\/cref13\/477-anos-de-salvador\/","title":{"rendered":"477 anos de Salvador!"},"content":{"rendered":"\n<p><\/p>\n\n\n\n<p>477 anos de Salvador. Cidade que inspira movimento em todos os cantos e tamb\u00e9m inspira a Educa\u00e7\u00e3o F\u00edsica. Viva a primeira capital do Brasil!<\/p>\n\n\n\n<p><\/p>\n","protected":false},"excerpt":{"rendered":"<p>477 anos de Salvador. Cidade que inspira movimento em todos os cantos e tamb\u00e9m inspira a Educa\u00e7\u00e3o F\u00edsica. Viva a primeira capital do Brasil!<\/p>\n","protected":false},"author":3,"featured_media":12991,"comment_status":"closed","ping_status":"open","sticky":false,"template":"","format":"standard","meta":{"footnotes":""},"categories":[14],"tags":[],"class_list":["post-12990","post","type-post","status-publish","format-standard","has-post-thumbnail","hentry","category-noticias"],"_links":{"self":[{"href":"https:\/\/www.cref13.org.br\/cref13\/wp-json\/wp\/v2\/posts\/12990","targetHints":{"allow":["GET"]}}],"collection":[{"href":"https:\/\/www.cref13.org.br\/cref13\/wp-json\/wp\/v2\/posts"}],"about":[{"href":"https:\/\/www.cref13.org.br\/cref13\/wp-json\/wp\/v2\/types\/post"}],"author":[{"embeddable":true,"href":"https:\/\/www.cref13.org.br\/cref13\/wp-json\/wp\/v2\/users\/3"}],"replies":[{"embeddable":true,"href":"https:\/\/www.cref13.org.br\/cref13\/wp-json\/wp\/v2\/comments?post=12990"}],"version-history":[{"count":1,"href":"https:\/\/www.cref13.org.br\/cref13\/wp-json\/wp\/v2\/posts\/12990\/revisions"}],"predecessor-version":[{"id":12992,"href":"https:\/\/www.cref13.org.br\/cref13\/wp-json\/wp\/v2\/posts\/12990\/revisions\/12992"}],"wp:featuredmedia":[{"embeddable":true,"href":"https:\/\/www.cref13.org.br\/cref13\/wp-json\/wp\/v2\/media\/12991"}],"wp:attachment":[{"href":"https:\/\/www.cref13.org.br\/cref13\/wp-json\/wp\/v2\/media?parent=12990"}],"wp:term":[{"taxonomy":"category","embeddable":true,"href":"https:\/\/www.cref13.org.br\/cref13\/wp-json\/wp\/v2\/categories?post=12990"},{"taxonomy":"post_tag","embeddable":true,"href":"https:\/\/www.cref13.org.br\/cref13\/wp-json\/wp\/v2\/tags?post=12990"}],"curies":[{"name":"wp","href":"https:\/\/api.w.org\/{rel}","templated":true}]}}