{"id":12993,"date":"2026-03-30T09:15:22","date_gmt":"2026-03-30T12:15:22","guid":{"rendered":"https:\/\/www.cref13.org.br\/cref13\/?p=12993"},"modified":"2026-03-31T09:17:40","modified_gmt":"2026-03-31T12:17:40","slug":"ultima-oportunidade-de-desconto-para-profissionais-registrados","status":"publish","type":"post","link":"https:\/\/www.cref13.org.br\/cref13\/ultima-oportunidade-de-desconto-para-profissionais-registrados\/","title":{"rendered":"\u00daltima oportunidade de desconto para profissionais registrados!"},"content":{"rendered":"\n<p><\/p>\n\n\n\n<p>\u00daltimo m\u00eas com desconto para profissionais registrados no CREF13\/BA t\u00eam 30% de desconto na anuidade.<\/p>\n\n\n\n<p><strong>Aproveite at\u00e9 31 de Mar\u00e7o!<\/strong><\/p>\n\n\n\n<p>Regularize-se com desconto e mantenha seu exerc\u00edcio profissional em dia. Consulte os detalhes no app do CREF13\/BA ou no site cref13.org.br.<\/p>\n","protected":false},"excerpt":{"rendered":"<p>\u00daltimo m\u00eas com desconto para profissionais registrados no CREF13\/BA t\u00eam 30% de desconto na anuidade. Aproveite at\u00e9 31 de Mar\u00e7o! Regularize-se com desconto e mantenha seu exerc\u00edcio profissional em dia. Consulte os detalhes no app do CREF13\/BA ou no site cref13.org.br.<\/p>\n","protected":false},"author":3,"featured_media":12998,"comment_status":"closed","ping_status":"open","sticky":false,"template":"","format":"standard","meta":{"footnotes":""},"categories":[14],"tags":[],"class_list":["post-12993","post","type-post","status-publish","format-standard","has-post-thumbnail","hentry","category-noticias"],"_links":{"self":[{"href":"https:\/\/www.cref13.org.br\/cref13\/wp-json\/wp\/v2\/posts\/12993","targetHints":{"allow":["GET"]}}],"collection":[{"href":"https:\/\/www.cref13.org.br\/cref13\/wp-json\/wp\/v2\/posts"}],"about":[{"href":"https:\/\/www.cref13.org.br\/cref13\/wp-json\/wp\/v2\/types\/post"}],"author":[{"embeddable":true,"href":"https:\/\/www.cref13.org.br\/cref13\/wp-json\/wp\/v2\/users\/3"}],"replies":[{"embeddable":true,"href":"https:\/\/www.cref13.org.br\/cref13\/wp-json\/wp\/v2\/comments?post=12993"}],"version-history":[{"count":2,"href":"https:\/\/www.cref13.org.br\/cref13\/wp-json\/wp\/v2\/posts\/12993\/revisions"}],"predecessor-version":[{"id":12997,"href":"https:\/\/www.cref13.org.br\/cref13\/wp-json\/wp\/v2\/posts\/12993\/revisions\/12997"}],"wp:featuredmedia":[{"embeddable":true,"href":"https:\/\/www.cref13.org.br\/cref13\/wp-json\/wp\/v2\/media\/12998"}],"wp:attachment":[{"href":"https:\/\/www.cref13.org.br\/cref13\/wp-json\/wp\/v2\/media?parent=12993"}],"wp:term":[{"taxonomy":"category","embeddable":true,"href":"https:\/\/www.cref13.org.br\/cref13\/wp-json\/wp\/v2\/categories?post=12993"},{"taxonomy":"post_tag","embeddable":true,"href":"https:\/\/www.cref13.org.br\/cref13\/wp-json\/wp\/v2\/tags?post=12993"}],"curies":[{"name":"wp","href":"https:\/\/api.w.org\/{rel}","templated":true}]}}