{"id":12999,"date":"2026-03-30T09:17:55","date_gmt":"2026-03-30T12:17:55","guid":{"rendered":"https:\/\/www.cref13.org.br\/cref13\/?p=12999"},"modified":"2026-03-31T09:18:31","modified_gmt":"2026-03-31T12:18:31","slug":"iv-congresso-baiano-de-politica-e-gestao-em-saude","status":"publish","type":"post","link":"https:\/\/www.cref13.org.br\/cref13\/iv-congresso-baiano-de-politica-e-gestao-em-saude\/","title":{"rendered":"IV Congresso Baiano de Pol\u00edtica e Gest\u00e3o em Sa\u00fade"},"content":{"rendered":"\n<p><\/p>\n\n\n\n<p>Nos dias 26 e 27 de mar\u00e7o, o Conselho Regional de Educa\u00e7\u00e3o F\u00edsica da 13\u00aa Regi\u00e3o \u2013 Bahia (CREF13\/BA), em parceria com o Centro de Gest\u00e3o e Sa\u00fade P\u00fablica da UESB (CEGESP\/UESB), o Minist\u00e9rio da Sa\u00fade, o Conselho Regional de Nutri\u00e7\u00e3o da 5\u00aa Regi\u00e3o &#8211; Bahia e Sergipe (CRN5) e a Superintend\u00eancia dos Desportos do Estado da Bahia (SUDESB), realizou o IV Congresso Baiano de Pol\u00edtica e Gest\u00e3o em Sa\u00fade.<\/p>\n\n\n\n<p>O evento contou com a presen\u00e7a de diversas autoridades, entre elas o diretor-geral da SUDESB, Vicente Neto, que na ocasi\u00e3o representou o governador da Bahia, Jer\u00f4nimo Rodrigues; a representante do Minist\u00e9rio da Sa\u00fade, Laura Ota; a reitora da Universidade UNINASSAU, Cec\u00edlia Queiroz \u2014 institui\u00e7\u00e3o privada que abra\u00e7ou o evento e cedeu o espa\u00e7o para sua realiza\u00e7\u00e3o \u2014; o coordenador do CEGESP\/UESB, Tem\u00edstocles Damasceno; o presidente do CREF13\/BA, Rog\u00e9rio Moura; o representante do CONFEF, Evil\u00e1cio Jocas; o conselheiro federal eleito pelos profissionais baianos, Francisco Canind\u00e9; al\u00e9m de representantes de secretarias de sa\u00fade de diversos munic\u00edpios, bem como representantes de Conselhos Regionais de todo o pa\u00eds e do Conselho Federal.<\/p>\n\n\n\n<p>O objetivo \u00e9 que a iniciativa seja ampliada para outras cidades do Brasil, refor\u00e7ando a import\u00e2ncia do profissional de Educa\u00e7\u00e3o F\u00edsica como agente da sa\u00fade. O encontro tamb\u00e9m contribui para a constru\u00e7\u00e3o de pol\u00edticas p\u00fablicas que ampliem a atua\u00e7\u00e3o desse profissional, conforme previsto na Lei n\u00ba 9.696\/1998, que regulamenta a profiss\u00e3o e define suas compet\u00eancias.<\/p>\n","protected":false},"excerpt":{"rendered":"<p>Nos dias 26 e 27 de mar\u00e7o, o Conselho Regional de Educa\u00e7\u00e3o F\u00edsica da 13\u00aa Regi\u00e3o \u2013 Bahia (CREF13\/BA), em parceria com o Centro de Gest\u00e3o e Sa\u00fade P\u00fablica da UESB (CEGESP\/UESB), o Minist\u00e9rio da Sa\u00fade, o Conselho Regional de Nutri\u00e7\u00e3o da 5\u00aa Regi\u00e3o &#8211; Bahia e Sergipe (CRN5) e a Superintend\u00eancia dos Desportos do [&hellip;]<\/p>\n","protected":false},"author":3,"featured_media":12994,"comment_status":"closed","ping_status":"open","sticky":false,"template":"","format":"standard","meta":{"footnotes":""},"categories":[14],"tags":[],"class_list":["post-12999","post","type-post","status-publish","format-standard","has-post-thumbnail","hentry","category-noticias"],"_links":{"self":[{"href":"https:\/\/www.cref13.org.br\/cref13\/wp-json\/wp\/v2\/posts\/12999","targetHints":{"allow":["GET"]}}],"collection":[{"href":"https:\/\/www.cref13.org.br\/cref13\/wp-json\/wp\/v2\/posts"}],"about":[{"href":"https:\/\/www.cref13.org.br\/cref13\/wp-json\/wp\/v2\/types\/post"}],"author":[{"embeddable":true,"href":"https:\/\/www.cref13.org.br\/cref13\/wp-json\/wp\/v2\/users\/3"}],"replies":[{"embeddable":true,"href":"https:\/\/www.cref13.org.br\/cref13\/wp-json\/wp\/v2\/comments?post=12999"}],"version-history":[{"count":1,"href":"https:\/\/www.cref13.org.br\/cref13\/wp-json\/wp\/v2\/posts\/12999\/revisions"}],"predecessor-version":[{"id":13000,"href":"https:\/\/www.cref13.org.br\/cref13\/wp-json\/wp\/v2\/posts\/12999\/revisions\/13000"}],"wp:featuredmedia":[{"embeddable":true,"href":"https:\/\/www.cref13.org.br\/cref13\/wp-json\/wp\/v2\/media\/12994"}],"wp:attachment":[{"href":"https:\/\/www.cref13.org.br\/cref13\/wp-json\/wp\/v2\/media?parent=12999"}],"wp:term":[{"taxonomy":"category","embeddable":true,"href":"https:\/\/www.cref13.org.br\/cref13\/wp-json\/wp\/v2\/categories?post=12999"},{"taxonomy":"post_tag","embeddable":true,"href":"https:\/\/www.cref13.org.br\/cref13\/wp-json\/wp\/v2\/tags?post=12999"}],"curies":[{"name":"wp","href":"https:\/\/api.w.org\/{rel}","templated":true}]}}