{"id":13002,"date":"2026-03-31T09:20:33","date_gmt":"2026-03-31T12:20:33","guid":{"rendered":"https:\/\/www.cref13.org.br\/cref13\/?p=13002"},"modified":"2026-03-31T09:20:33","modified_gmt":"2026-03-31T12:20:33","slug":"dia-da-saude-e-nutricao","status":"publish","type":"post","link":"https:\/\/www.cref13.org.br\/cref13\/dia-da-saude-e-nutricao\/","title":{"rendered":"Dia da Sa\u00fade e Nutri\u00e7\u00e3o"},"content":{"rendered":"\n<p>O trabalho integrado entre \u00e1reas da sa\u00fade fortalece h\u00e1bitos saud\u00e1veis e promove mais bem-estar no dia a dia. A pr\u00e1tica de atividades f\u00edsicas orientadas por um Profissional de Educa\u00e7\u00e3o F\u00edsica \u00e9 fundamental para que os exerc\u00edcios sejam realizados com seguran\u00e7a, efici\u00eancia e responsabilidade.<\/p>\n\n\n\n<p>Exerc\u00edcio F\u00edsico e Nutri\u00e7\u00e3o caminham lado a lado quando o assunto \u00e9 sa\u00fade e qualidade de vida. A combina\u00e7\u00e3o entre uma alimenta\u00e7\u00e3o equilibrada e a pr\u00e1tica regular de exerc\u00edcios contribui para o fortalecimento do organismo, melhora da disposi\u00e7\u00e3o e preven\u00e7\u00e3o de diversas doen\u00e7as. No Dia da Sa\u00fade e Nutri\u00e7\u00e3o, o CREF13\/BA refor\u00e7a a import\u00e2ncia de buscar acompanhamento com profissionais habilitados, garantindo que cada pessoa receba orienta\u00e7\u00e3o adequada \u00e0s suas necessidades e objetivos.<\/p>\n\n\n\n<p>O trabalho integrado entre \u00e1reas da sa\u00fade fortalece h\u00e1bitos saud\u00e1veis e promove mais bem-estar no dia a dia. A pr\u00e1tica de atividades f\u00edsicas orientadas por um Profissional de Educa\u00e7\u00e3o F\u00edsica \u00e9 fundamental para que os exerc\u00edcios sejam realizados com seguran\u00e7a, efici\u00eancia e responsabilidade.<\/p>\n","protected":false},"excerpt":{"rendered":"<p>O trabalho integrado entre \u00e1reas da sa\u00fade fortalece h\u00e1bitos saud\u00e1veis e promove mais bem-estar no dia a dia. A pr\u00e1tica de atividades f\u00edsicas orientadas por um Profissional de Educa\u00e7\u00e3o F\u00edsica \u00e9 fundamental para que os exerc\u00edcios sejam realizados com seguran\u00e7a, efici\u00eancia e responsabilidade. Exerc\u00edcio F\u00edsico e Nutri\u00e7\u00e3o caminham lado a lado quando o assunto \u00e9 [&hellip;]<\/p>\n","protected":false},"author":3,"featured_media":13003,"comment_status":"closed","ping_status":"open","sticky":false,"template":"","format":"standard","meta":{"footnotes":""},"categories":[14],"tags":[],"class_list":["post-13002","post","type-post","status-publish","format-standard","has-post-thumbnail","hentry","category-noticias"],"_links":{"self":[{"href":"https:\/\/www.cref13.org.br\/cref13\/wp-json\/wp\/v2\/posts\/13002","targetHints":{"allow":["GET"]}}],"collection":[{"href":"https:\/\/www.cref13.org.br\/cref13\/wp-json\/wp\/v2\/posts"}],"about":[{"href":"https:\/\/www.cref13.org.br\/cref13\/wp-json\/wp\/v2\/types\/post"}],"author":[{"embeddable":true,"href":"https:\/\/www.cref13.org.br\/cref13\/wp-json\/wp\/v2\/users\/3"}],"replies":[{"embeddable":true,"href":"https:\/\/www.cref13.org.br\/cref13\/wp-json\/wp\/v2\/comments?post=13002"}],"version-history":[{"count":1,"href":"https:\/\/www.cref13.org.br\/cref13\/wp-json\/wp\/v2\/posts\/13002\/revisions"}],"predecessor-version":[{"id":13004,"href":"https:\/\/www.cref13.org.br\/cref13\/wp-json\/wp\/v2\/posts\/13002\/revisions\/13004"}],"wp:featuredmedia":[{"embeddable":true,"href":"https:\/\/www.cref13.org.br\/cref13\/wp-json\/wp\/v2\/media\/13003"}],"wp:attachment":[{"href":"https:\/\/www.cref13.org.br\/cref13\/wp-json\/wp\/v2\/media?parent=13002"}],"wp:term":[{"taxonomy":"category","embeddable":true,"href":"https:\/\/www.cref13.org.br\/cref13\/wp-json\/wp\/v2\/categories?post=13002"},{"taxonomy":"post_tag","embeddable":true,"href":"https:\/\/www.cref13.org.br\/cref13\/wp-json\/wp\/v2\/tags?post=13002"}],"curies":[{"name":"wp","href":"https:\/\/api.w.org\/{rel}","templated":true}]}}