{"id":13009,"date":"2026-04-01T09:00:00","date_gmt":"2026-04-01T12:00:00","guid":{"rendered":"https:\/\/www.cref13.org.br\/cref13\/?p=13009"},"modified":"2026-03-31T15:04:19","modified_gmt":"2026-03-31T18:04:19","slug":"dia-da-mentira","status":"publish","type":"post","link":"https:\/\/www.cref13.org.br\/cref13\/dia-da-mentira\/","title":{"rendered":"Dia da Mentira"},"content":{"rendered":"\n<p>1\u00ba de abril \u00e9 o Dia da Mentira.<br>Mas quando o assunto \u00e9 sa\u00fade, informa\u00e7\u00e3o errada n\u00e3o tem gra\u00e7a.<\/p>\n\n\n\n<p>\u274c \u201cSem dor, sem resultado\u201d<br>\u274c \u201cQualquer treino serve\u201d<br>\u274c \u201cN\u00e3o preciso de orienta\u00e7\u00e3o\u201d<\/p>\n\n\n\n<p>Essas e outras inverdades colocam em risco a sa\u00fade da popula\u00e7\u00e3o e desvalorizam o exerc\u00edcio profissional da Educa\u00e7\u00e3o F\u00edsica.<\/p>\n\n\n\n<p>O CREF13\/BA atua diariamente no combate \u00e0 desinforma\u00e7\u00e3o e na defesa de uma atua\u00e7\u00e3o qualificada, segura e respons\u00e1vel.<\/p>\n\n\n\n<p>Exerc\u00edcio f\u00edsico n\u00e3o \u00e9 improviso.<br>Procure sempre um Profissional de Educa\u00e7\u00e3o F\u00edsica registrado.<\/p>\n","protected":false},"excerpt":{"rendered":"<p>1\u00ba de abril \u00e9 o Dia da Mentira.Mas quando o assunto \u00e9 sa\u00fade, informa\u00e7\u00e3o errada n\u00e3o tem gra\u00e7a. \u274c \u201cSem dor, sem resultado\u201d\u274c \u201cQualquer treino serve\u201d\u274c \u201cN\u00e3o preciso de orienta\u00e7\u00e3o\u201d Essas e outras inverdades colocam em risco a sa\u00fade da popula\u00e7\u00e3o e desvalorizam o exerc\u00edcio profissional da Educa\u00e7\u00e3o F\u00edsica. O CREF13\/BA atua diariamente no combate [&hellip;]<\/p>\n","protected":false},"author":3,"featured_media":13011,"comment_status":"closed","ping_status":"open","sticky":false,"template":"","format":"standard","meta":{"footnotes":""},"categories":[14],"tags":[],"class_list":["post-13009","post","type-post","status-publish","format-standard","has-post-thumbnail","hentry","category-noticias"],"_links":{"self":[{"href":"https:\/\/www.cref13.org.br\/cref13\/wp-json\/wp\/v2\/posts\/13009","targetHints":{"allow":["GET"]}}],"collection":[{"href":"https:\/\/www.cref13.org.br\/cref13\/wp-json\/wp\/v2\/posts"}],"about":[{"href":"https:\/\/www.cref13.org.br\/cref13\/wp-json\/wp\/v2\/types\/post"}],"author":[{"embeddable":true,"href":"https:\/\/www.cref13.org.br\/cref13\/wp-json\/wp\/v2\/users\/3"}],"replies":[{"embeddable":true,"href":"https:\/\/www.cref13.org.br\/cref13\/wp-json\/wp\/v2\/comments?post=13009"}],"version-history":[{"count":1,"href":"https:\/\/www.cref13.org.br\/cref13\/wp-json\/wp\/v2\/posts\/13009\/revisions"}],"predecessor-version":[{"id":13012,"href":"https:\/\/www.cref13.org.br\/cref13\/wp-json\/wp\/v2\/posts\/13009\/revisions\/13012"}],"wp:featuredmedia":[{"embeddable":true,"href":"https:\/\/www.cref13.org.br\/cref13\/wp-json\/wp\/v2\/media\/13011"}],"wp:attachment":[{"href":"https:\/\/www.cref13.org.br\/cref13\/wp-json\/wp\/v2\/media?parent=13009"}],"wp:term":[{"taxonomy":"category","embeddable":true,"href":"https:\/\/www.cref13.org.br\/cref13\/wp-json\/wp\/v2\/categories?post=13009"},{"taxonomy":"post_tag","embeddable":true,"href":"https:\/\/www.cref13.org.br\/cref13\/wp-json\/wp\/v2\/tags?post=13009"}],"curies":[{"name":"wp","href":"https:\/\/api.w.org\/{rel}","templated":true}]}}