{"id":13013,"date":"2026-04-02T09:35:22","date_gmt":"2026-04-02T12:35:22","guid":{"rendered":"https:\/\/www.cref13.org.br\/cref13\/?p=13013"},"modified":"2026-04-02T09:35:22","modified_gmt":"2026-04-02T12:35:22","slug":"atendimento-durante-essa-sexta-feira-3-esta-suspenso","status":"publish","type":"post","link":"https:\/\/www.cref13.org.br\/cref13\/atendimento-durante-essa-sexta-feira-3-esta-suspenso\/","title":{"rendered":"Atendimento durante essa sexta-feira (3) est\u00e1 suspenso."},"content":{"rendered":"\n<p>Atenidmento durante essa sexta-feira (3) est\u00e1 suspenso.<\/p>\n\n\n\n<p>Informamos que, devido ao feriado da Paix\u00e3o de Cristo, o funcionamento da sede e os atendimentos online estar\u00e3o suspensos na sexta-feira (3), conforme a Portaria CREF13\/BA n\u00b0 339.<\/p>\n\n\n\n<p>O CREF13\/BA deseja a todos um excelente feriado!<\/p>\n","protected":false},"excerpt":{"rendered":"<p>Atenidmento durante essa sexta-feira (3) est\u00e1 suspenso. Informamos que, devido ao feriado da Paix\u00e3o de Cristo, o funcionamento da sede e os atendimentos online estar\u00e3o suspensos na sexta-feira (3), conforme a Portaria CREF13\/BA n\u00b0 339. O CREF13\/BA deseja a todos um excelente feriado!<\/p>\n","protected":false},"author":3,"featured_media":13014,"comment_status":"closed","ping_status":"open","sticky":false,"template":"","format":"standard","meta":{"footnotes":""},"categories":[14],"tags":[],"class_list":["post-13013","post","type-post","status-publish","format-standard","has-post-thumbnail","hentry","category-noticias"],"_links":{"self":[{"href":"https:\/\/www.cref13.org.br\/cref13\/wp-json\/wp\/v2\/posts\/13013","targetHints":{"allow":["GET"]}}],"collection":[{"href":"https:\/\/www.cref13.org.br\/cref13\/wp-json\/wp\/v2\/posts"}],"about":[{"href":"https:\/\/www.cref13.org.br\/cref13\/wp-json\/wp\/v2\/types\/post"}],"author":[{"embeddable":true,"href":"https:\/\/www.cref13.org.br\/cref13\/wp-json\/wp\/v2\/users\/3"}],"replies":[{"embeddable":true,"href":"https:\/\/www.cref13.org.br\/cref13\/wp-json\/wp\/v2\/comments?post=13013"}],"version-history":[{"count":1,"href":"https:\/\/www.cref13.org.br\/cref13\/wp-json\/wp\/v2\/posts\/13013\/revisions"}],"predecessor-version":[{"id":13015,"href":"https:\/\/www.cref13.org.br\/cref13\/wp-json\/wp\/v2\/posts\/13013\/revisions\/13015"}],"wp:featuredmedia":[{"embeddable":true,"href":"https:\/\/www.cref13.org.br\/cref13\/wp-json\/wp\/v2\/media\/13014"}],"wp:attachment":[{"href":"https:\/\/www.cref13.org.br\/cref13\/wp-json\/wp\/v2\/media?parent=13013"}],"wp:term":[{"taxonomy":"category","embeddable":true,"href":"https:\/\/www.cref13.org.br\/cref13\/wp-json\/wp\/v2\/categories?post=13013"},{"taxonomy":"post_tag","embeddable":true,"href":"https:\/\/www.cref13.org.br\/cref13\/wp-json\/wp\/v2\/tags?post=13013"}],"curies":[{"name":"wp","href":"https:\/\/api.w.org\/{rel}","templated":true}]}}