{"id":13019,"date":"2026-04-02T16:53:48","date_gmt":"2026-04-02T19:53:48","guid":{"rendered":"https:\/\/www.cref13.org.br\/cref13\/?p=13019"},"modified":"2026-04-02T16:53:48","modified_gmt":"2026-04-02T19:53:48","slug":"dia-mundial-de-conscientizacao-do-autismo","status":"publish","type":"post","link":"https:\/\/www.cref13.org.br\/cref13\/dia-mundial-de-conscientizacao-do-autismo\/","title":{"rendered":"Dia Mundial de Conscientiza\u00e7\u00e3o do Autismo"},"content":{"rendered":"\n<p>Hoje, no Dia Mundial de Conscientiza\u00e7\u00e3o do Autismo, refor\u00e7amos a import\u00e2ncia de um cuidado que vai al\u00e9m \u2014 um cuidado integrado, humano e multiprofissional.<\/p>\n\n\n\n<p>A promo\u00e7\u00e3o da sa\u00fade de pessoas com Transtorno do Espectro Autista (TEA) exige acompanhamento qualificado, seguro e individualizado. Nesse contexto, a atua\u00e7\u00e3o conjunta desses profissionais fortalece estrat\u00e9gias mais eficazes e amplia as possibilidades de desenvolvimento, autonomia e qualidade de vida.<\/p>\n\n\n\n<p>O profissional de Educa\u00e7\u00e3o F\u00edsica tem papel essencial nesse processo, contribuindo com interven\u00e7\u00f5es planejadas, seguras e alinhadas \u00e0s necessidades espec\u00edficas de cada indiv\u00edduo \u2014 sempre em di\u00e1logo com as demais \u00e1reas da sa\u00fade.<\/p>\n\n\n\n<p>O CREF13\/BA segue lutando pela valoriza\u00e7\u00e3o, qualifica\u00e7\u00e3o e a capacita\u00e7\u00e3o cont\u00ednua como pilares para um atendimento \u00e9tico, respons\u00e1vel e transformador.<\/p>\n\n\n\n<p>Cuidar \u00e9, acima de tudo, trabalhar juntos.&nbsp;<\/p>\n","protected":false},"excerpt":{"rendered":"<p>Hoje, no Dia Mundial de Conscientiza\u00e7\u00e3o do Autismo, refor\u00e7amos a import\u00e2ncia de um cuidado que vai al\u00e9m \u2014 um cuidado integrado, humano e multiprofissional. A promo\u00e7\u00e3o da sa\u00fade de pessoas com Transtorno do Espectro Autista (TEA) exige acompanhamento qualificado, seguro e individualizado. Nesse contexto, a atua\u00e7\u00e3o conjunta desses profissionais fortalece estrat\u00e9gias mais eficazes e amplia [&hellip;]<\/p>\n","protected":false},"author":3,"featured_media":13020,"comment_status":"closed","ping_status":"open","sticky":false,"template":"","format":"standard","meta":{"footnotes":""},"categories":[14],"tags":[],"class_list":["post-13019","post","type-post","status-publish","format-standard","has-post-thumbnail","hentry","category-noticias"],"_links":{"self":[{"href":"https:\/\/www.cref13.org.br\/cref13\/wp-json\/wp\/v2\/posts\/13019","targetHints":{"allow":["GET"]}}],"collection":[{"href":"https:\/\/www.cref13.org.br\/cref13\/wp-json\/wp\/v2\/posts"}],"about":[{"href":"https:\/\/www.cref13.org.br\/cref13\/wp-json\/wp\/v2\/types\/post"}],"author":[{"embeddable":true,"href":"https:\/\/www.cref13.org.br\/cref13\/wp-json\/wp\/v2\/users\/3"}],"replies":[{"embeddable":true,"href":"https:\/\/www.cref13.org.br\/cref13\/wp-json\/wp\/v2\/comments?post=13019"}],"version-history":[{"count":1,"href":"https:\/\/www.cref13.org.br\/cref13\/wp-json\/wp\/v2\/posts\/13019\/revisions"}],"predecessor-version":[{"id":13021,"href":"https:\/\/www.cref13.org.br\/cref13\/wp-json\/wp\/v2\/posts\/13019\/revisions\/13021"}],"wp:featuredmedia":[{"embeddable":true,"href":"https:\/\/www.cref13.org.br\/cref13\/wp-json\/wp\/v2\/media\/13020"}],"wp:attachment":[{"href":"https:\/\/www.cref13.org.br\/cref13\/wp-json\/wp\/v2\/media?parent=13019"}],"wp:term":[{"taxonomy":"category","embeddable":true,"href":"https:\/\/www.cref13.org.br\/cref13\/wp-json\/wp\/v2\/categories?post=13019"},{"taxonomy":"post_tag","embeddable":true,"href":"https:\/\/www.cref13.org.br\/cref13\/wp-json\/wp\/v2\/tags?post=13019"}],"curies":[{"name":"wp","href":"https:\/\/api.w.org\/{rel}","templated":true}]}}