{"id":13022,"date":"2026-04-07T15:13:30","date_gmt":"2026-04-07T18:13:30","guid":{"rendered":"https:\/\/www.cref13.org.br\/cref13\/?p=13022"},"modified":"2026-04-07T15:13:30","modified_gmt":"2026-04-07T18:13:30","slug":"dia-mundial-da-saude-2","status":"publish","type":"post","link":"https:\/\/www.cref13.org.br\/cref13\/dia-mundial-da-saude-2\/","title":{"rendered":"Dia Mundial da Sa\u00fade"},"content":{"rendered":"\n<p>Cuidar da sa\u00fade vai muito al\u00e9m de uma data no calend\u00e1rio. A pr\u00e1tica regular de atividades f\u00edsicas \u00e9 uma das principais aliadas na preven\u00e7\u00e3o de doen\u00e7as, na promo\u00e7\u00e3o do bem-estar e na melhoria da qualidade de vida. Neste Dia Mundial da Sa\u00fade (07 de abril), o CREF13\/BA refor\u00e7a a import\u00e2ncia de realizar exerc\u00edcios com orienta\u00e7\u00e3o de um Profissional de Educa\u00e7\u00e3o F\u00edsica registrado, garantindo seguran\u00e7a, efici\u00eancia e resultados adequados para cada pessoa.<\/p>\n\n\n\n<p>Afinal, atividade f\u00edsica orientada \u00e9 preven\u00e7\u00e3o e preven\u00e7\u00e3o \u00e9 cuidar da sa\u00fade.<\/p>\n","protected":false},"excerpt":{"rendered":"<p>Cuidar da sa\u00fade vai muito al\u00e9m de uma data no calend\u00e1rio. A pr\u00e1tica regular de atividades f\u00edsicas \u00e9 uma das principais aliadas na preven\u00e7\u00e3o de doen\u00e7as, na promo\u00e7\u00e3o do bem-estar e na melhoria da qualidade de vida. Neste Dia Mundial da Sa\u00fade (07 de abril), o CREF13\/BA refor\u00e7a a import\u00e2ncia de realizar exerc\u00edcios com orienta\u00e7\u00e3o [&hellip;]<\/p>\n","protected":false},"author":3,"featured_media":13023,"comment_status":"closed","ping_status":"open","sticky":false,"template":"","format":"standard","meta":{"footnotes":""},"categories":[14],"tags":[],"class_list":["post-13022","post","type-post","status-publish","format-standard","has-post-thumbnail","hentry","category-noticias"],"_links":{"self":[{"href":"https:\/\/www.cref13.org.br\/cref13\/wp-json\/wp\/v2\/posts\/13022","targetHints":{"allow":["GET"]}}],"collection":[{"href":"https:\/\/www.cref13.org.br\/cref13\/wp-json\/wp\/v2\/posts"}],"about":[{"href":"https:\/\/www.cref13.org.br\/cref13\/wp-json\/wp\/v2\/types\/post"}],"author":[{"embeddable":true,"href":"https:\/\/www.cref13.org.br\/cref13\/wp-json\/wp\/v2\/users\/3"}],"replies":[{"embeddable":true,"href":"https:\/\/www.cref13.org.br\/cref13\/wp-json\/wp\/v2\/comments?post=13022"}],"version-history":[{"count":1,"href":"https:\/\/www.cref13.org.br\/cref13\/wp-json\/wp\/v2\/posts\/13022\/revisions"}],"predecessor-version":[{"id":13024,"href":"https:\/\/www.cref13.org.br\/cref13\/wp-json\/wp\/v2\/posts\/13022\/revisions\/13024"}],"wp:featuredmedia":[{"embeddable":true,"href":"https:\/\/www.cref13.org.br\/cref13\/wp-json\/wp\/v2\/media\/13023"}],"wp:attachment":[{"href":"https:\/\/www.cref13.org.br\/cref13\/wp-json\/wp\/v2\/media?parent=13022"}],"wp:term":[{"taxonomy":"category","embeddable":true,"href":"https:\/\/www.cref13.org.br\/cref13\/wp-json\/wp\/v2\/categories?post=13022"},{"taxonomy":"post_tag","embeddable":true,"href":"https:\/\/www.cref13.org.br\/cref13\/wp-json\/wp\/v2\/tags?post=13022"}],"curies":[{"name":"wp","href":"https:\/\/api.w.org\/{rel}","templated":true}]}}