{"id":13026,"date":"2026-04-07T16:00:00","date_gmt":"2026-04-07T19:00:00","guid":{"rendered":"https:\/\/www.cref13.org.br\/cref13\/?p=13026"},"modified":"2026-04-08T13:42:37","modified_gmt":"2026-04-08T16:42:37","slug":"cref13-ba-apoia-2a-edicao-da-expoconfit-salvador","status":"publish","type":"post","link":"https:\/\/www.cref13.org.br\/cref13\/cref13-ba-apoia-2a-edicao-da-expoconfit-salvador\/","title":{"rendered":"CREF13\/BA apoia 2\u00aa Edi\u00e7\u00e3o da ExpoConfit Salvador"},"content":{"rendered":"\n<p><\/p>\n\n\n\n<p>Pela segunda vez, o CREF13\/BA est\u00e1 apoiando a ExpoConfit, que acontecer\u00e1 nos dias 23 e 24 de maio, em Salvador, no Centro de Conven\u00e7\u00f5es.<\/p>\n\n\n\n<p>O presidente do CREF13\/BA, Rog\u00e9rio Moura (CREF 01726-G\/BA), recebeu, na sede do CREF13\/BA, os profissionais de Educa\u00e7\u00e3o F\u00edsica e organizadores do evento, Edivan Gomes (CREF 005320-G\/BA) e F\u00e1bio Grisi (CREF 000508-G\/BA). Na ocasi\u00e3o, reuniram-se e definiram mais um ano de parceria.<\/p>\n\n\n\n<p>Para mais informa\u00e7\u00f5es, acesse @expoconfit e consulte as condi\u00e7\u00f5es especiais para profissionais de Educa\u00e7\u00e3o F\u00edsica!<\/p>\n\n\n\n<p><\/p>\n","protected":false},"excerpt":{"rendered":"<p>Pela segunda vez, o CREF13\/BA est\u00e1 apoiando a ExpoConfit, que acontecer\u00e1 nos dias 23 e 24 de maio, em Salvador, no Centro de Conven\u00e7\u00f5es. O presidente do CREF13\/BA, Rog\u00e9rio Moura (CREF 01726-G\/BA), recebeu, na sede do CREF13\/BA, os profissionais de Educa\u00e7\u00e3o F\u00edsica e organizadores do evento, Edivan Gomes (CREF 005320-G\/BA) e F\u00e1bio Grisi (CREF 000508-G\/BA). [&hellip;]<\/p>\n","protected":false},"author":3,"featured_media":13027,"comment_status":"closed","ping_status":"open","sticky":false,"template":"","format":"standard","meta":{"footnotes":""},"categories":[14],"tags":[],"class_list":["post-13026","post","type-post","status-publish","format-standard","has-post-thumbnail","hentry","category-noticias"],"_links":{"self":[{"href":"https:\/\/www.cref13.org.br\/cref13\/wp-json\/wp\/v2\/posts\/13026","targetHints":{"allow":["GET"]}}],"collection":[{"href":"https:\/\/www.cref13.org.br\/cref13\/wp-json\/wp\/v2\/posts"}],"about":[{"href":"https:\/\/www.cref13.org.br\/cref13\/wp-json\/wp\/v2\/types\/post"}],"author":[{"embeddable":true,"href":"https:\/\/www.cref13.org.br\/cref13\/wp-json\/wp\/v2\/users\/3"}],"replies":[{"embeddable":true,"href":"https:\/\/www.cref13.org.br\/cref13\/wp-json\/wp\/v2\/comments?post=13026"}],"version-history":[{"count":1,"href":"https:\/\/www.cref13.org.br\/cref13\/wp-json\/wp\/v2\/posts\/13026\/revisions"}],"predecessor-version":[{"id":13028,"href":"https:\/\/www.cref13.org.br\/cref13\/wp-json\/wp\/v2\/posts\/13026\/revisions\/13028"}],"wp:featuredmedia":[{"embeddable":true,"href":"https:\/\/www.cref13.org.br\/cref13\/wp-json\/wp\/v2\/media\/13027"}],"wp:attachment":[{"href":"https:\/\/www.cref13.org.br\/cref13\/wp-json\/wp\/v2\/media?parent=13026"}],"wp:term":[{"taxonomy":"category","embeddable":true,"href":"https:\/\/www.cref13.org.br\/cref13\/wp-json\/wp\/v2\/categories?post=13026"},{"taxonomy":"post_tag","embeddable":true,"href":"https:\/\/www.cref13.org.br\/cref13\/wp-json\/wp\/v2\/tags?post=13026"}],"curies":[{"name":"wp","href":"https:\/\/api.w.org\/{rel}","templated":true}]}}