{"id":13029,"date":"2026-04-08T09:43:00","date_gmt":"2026-04-08T12:43:00","guid":{"rendered":"https:\/\/www.cref13.org.br\/cref13\/?p=13029"},"modified":"2026-04-08T13:43:57","modified_gmt":"2026-04-08T16:43:57","slug":"dia-da-natacao-2","status":"publish","type":"post","link":"https:\/\/www.cref13.org.br\/cref13\/dia-da-natacao-2\/","title":{"rendered":"Dia da Nata\u00e7\u00e3o"},"content":{"rendered":"\n<p><\/p>\n\n\n\n<p>No Dia da Nata\u00e7\u00e3o, celebramos hist\u00f3rias que marcaram o esporte brasileiro. O baiano Edvaldo Val\u00e9rio (CREF012518-G\/BA) entrou para a hist\u00f3ria ao conquistar medalha ol\u00edmpica nos Jogos de 2000, tornando-se o primeiro nadador negro do Brasil a subir ao p\u00f3dio ol\u00edmpico. Mas sua trajet\u00f3ria foi al\u00e9m das piscinas. Edvaldo tamb\u00e9m escolheu seguir contribuindo para o desenvolvimento do esporte como Profissional de Educa\u00e7\u00e3o F\u00edsica, fortalecendo o papel da forma\u00e7\u00e3o e do conhecimento na constru\u00e7\u00e3o de novos talentos. Essa hist\u00f3ria tamb\u00e9m evidencia a import\u00e2ncia do trabalho t\u00e9cnico e da orienta\u00e7\u00e3o de profissionais da \u00e1rea, como o professor S\u00e9rgio Silva (CREF 000890-G\/BA), que teve papel fundamental em sua prepara\u00e7\u00e3o.<\/p>\n\n\n\n<p>Seu legado segue inspirando atletas baianos que continuam levando o nome do estado ao cen\u00e1rio nacional e internacional, reafirmando a for\u00e7a da nata\u00e7\u00e3o e da Educa\u00e7\u00e3o F\u00edsica na Bahia.<\/p>\n\n\n\n<p>O CREF13\/BA celebra os profissionais que transformam dedica\u00e7\u00e3o, conhecimento e orienta\u00e7\u00e3o em conquistas dentro e fora das piscinas.<\/p>\n\n\n\n<p><\/p>\n","protected":false},"excerpt":{"rendered":"<p>No Dia da Nata\u00e7\u00e3o, celebramos hist\u00f3rias que marcaram o esporte brasileiro. O baiano Edvaldo Val\u00e9rio (CREF012518-G\/BA) entrou para a hist\u00f3ria ao conquistar medalha ol\u00edmpica nos Jogos de 2000, tornando-se o primeiro nadador negro do Brasil a subir ao p\u00f3dio ol\u00edmpico. Mas sua trajet\u00f3ria foi al\u00e9m das piscinas. Edvaldo tamb\u00e9m escolheu seguir contribuindo para o desenvolvimento [&hellip;]<\/p>\n","protected":false},"author":3,"featured_media":13030,"comment_status":"closed","ping_status":"open","sticky":false,"template":"","format":"standard","meta":{"footnotes":""},"categories":[14],"tags":[],"class_list":["post-13029","post","type-post","status-publish","format-standard","has-post-thumbnail","hentry","category-noticias"],"_links":{"self":[{"href":"https:\/\/www.cref13.org.br\/cref13\/wp-json\/wp\/v2\/posts\/13029","targetHints":{"allow":["GET"]}}],"collection":[{"href":"https:\/\/www.cref13.org.br\/cref13\/wp-json\/wp\/v2\/posts"}],"about":[{"href":"https:\/\/www.cref13.org.br\/cref13\/wp-json\/wp\/v2\/types\/post"}],"author":[{"embeddable":true,"href":"https:\/\/www.cref13.org.br\/cref13\/wp-json\/wp\/v2\/users\/3"}],"replies":[{"embeddable":true,"href":"https:\/\/www.cref13.org.br\/cref13\/wp-json\/wp\/v2\/comments?post=13029"}],"version-history":[{"count":1,"href":"https:\/\/www.cref13.org.br\/cref13\/wp-json\/wp\/v2\/posts\/13029\/revisions"}],"predecessor-version":[{"id":13031,"href":"https:\/\/www.cref13.org.br\/cref13\/wp-json\/wp\/v2\/posts\/13029\/revisions\/13031"}],"wp:featuredmedia":[{"embeddable":true,"href":"https:\/\/www.cref13.org.br\/cref13\/wp-json\/wp\/v2\/media\/13030"}],"wp:attachment":[{"href":"https:\/\/www.cref13.org.br\/cref13\/wp-json\/wp\/v2\/media?parent=13029"}],"wp:term":[{"taxonomy":"category","embeddable":true,"href":"https:\/\/www.cref13.org.br\/cref13\/wp-json\/wp\/v2\/categories?post=13029"},{"taxonomy":"post_tag","embeddable":true,"href":"https:\/\/www.cref13.org.br\/cref13\/wp-json\/wp\/v2\/tags?post=13029"}],"curies":[{"name":"wp","href":"https:\/\/api.w.org\/{rel}","templated":true}]}}