{"id":13038,"date":"2026-04-09T13:19:28","date_gmt":"2026-04-09T16:19:28","guid":{"rendered":"https:\/\/www.cref13.org.br\/cref13\/?p=13038"},"modified":"2026-04-09T13:19:28","modified_gmt":"2026-04-09T16:19:28","slug":"cref13-ba-marca-presenca-no-oceanman-brazil-2026","status":"publish","type":"post","link":"https:\/\/www.cref13.org.br\/cref13\/cref13-ba-marca-presenca-no-oceanman-brazil-2026\/","title":{"rendered":"CREF13\/BA marca presen\u00e7a no Oceanman Brazil 2026"},"content":{"rendered":"\n<p><\/p>\n\n\n\n<p>O presidente do CREF13\/BA, Rog\u00e9rio Jean Moura Gon\u00e7alves, marcou presen\u00e7a no \u00faltimo fim de semana no evento Oceanman Brazil 2026 \u2013 Etapa Salvador, ao lado dos presidentes da Federa\u00e7\u00e3o Baiana de Desportos Aqu\u00e1ticos (FBDA), Marco Ant\u00f4nio Lemos, e da Confedera\u00e7\u00e3o Brasileira de Desportos Aqu\u00e1ticos (CBDA), Diego Albuquerque.<\/p>\n\n\n\n<p>A competi\u00e7\u00e3o internacional de nata\u00e7\u00e3o em \u00e1guas abertas reuniu atletas em provas de 5km e 10km, com largada no Terminal N\u00e1utico. O percurso de 5km seguiu at\u00e9 o Porto da Barra, enquanto a prova de 10km contou com trajeto estendido pelo quebra-mar em dire\u00e7\u00e3o ao Ferry-Boat.<\/p>\n\n\n\n<p>Os dez primeiros colocados de cada categoria garantiram vaga no campeonato mundial da modalidade, que acontecer\u00e1 em novembro, na Rep\u00fablica Dominicana.<\/p>\n","protected":false},"excerpt":{"rendered":"<p>O presidente do CREF13\/BA, Rog\u00e9rio Jean Moura Gon\u00e7alves, marcou presen\u00e7a no \u00faltimo fim de semana no evento Oceanman Brazil 2026 \u2013 Etapa Salvador, ao lado dos presidentes da Federa\u00e7\u00e3o Baiana de Desportos Aqu\u00e1ticos (FBDA), Marco Ant\u00f4nio Lemos, e da Confedera\u00e7\u00e3o Brasileira de Desportos Aqu\u00e1ticos (CBDA), Diego Albuquerque. A competi\u00e7\u00e3o internacional de nata\u00e7\u00e3o em \u00e1guas abertas [&hellip;]<\/p>\n","protected":false},"author":3,"featured_media":13039,"comment_status":"closed","ping_status":"open","sticky":false,"template":"","format":"standard","meta":{"footnotes":""},"categories":[14],"tags":[],"class_list":["post-13038","post","type-post","status-publish","format-standard","has-post-thumbnail","hentry","category-noticias"],"_links":{"self":[{"href":"https:\/\/www.cref13.org.br\/cref13\/wp-json\/wp\/v2\/posts\/13038","targetHints":{"allow":["GET"]}}],"collection":[{"href":"https:\/\/www.cref13.org.br\/cref13\/wp-json\/wp\/v2\/posts"}],"about":[{"href":"https:\/\/www.cref13.org.br\/cref13\/wp-json\/wp\/v2\/types\/post"}],"author":[{"embeddable":true,"href":"https:\/\/www.cref13.org.br\/cref13\/wp-json\/wp\/v2\/users\/3"}],"replies":[{"embeddable":true,"href":"https:\/\/www.cref13.org.br\/cref13\/wp-json\/wp\/v2\/comments?post=13038"}],"version-history":[{"count":1,"href":"https:\/\/www.cref13.org.br\/cref13\/wp-json\/wp\/v2\/posts\/13038\/revisions"}],"predecessor-version":[{"id":13040,"href":"https:\/\/www.cref13.org.br\/cref13\/wp-json\/wp\/v2\/posts\/13038\/revisions\/13040"}],"wp:featuredmedia":[{"embeddable":true,"href":"https:\/\/www.cref13.org.br\/cref13\/wp-json\/wp\/v2\/media\/13039"}],"wp:attachment":[{"href":"https:\/\/www.cref13.org.br\/cref13\/wp-json\/wp\/v2\/media?parent=13038"}],"wp:term":[{"taxonomy":"category","embeddable":true,"href":"https:\/\/www.cref13.org.br\/cref13\/wp-json\/wp\/v2\/categories?post=13038"},{"taxonomy":"post_tag","embeddable":true,"href":"https:\/\/www.cref13.org.br\/cref13\/wp-json\/wp\/v2\/tags?post=13038"}],"curies":[{"name":"wp","href":"https:\/\/api.w.org\/{rel}","templated":true}]}}