{"id":13041,"date":"2026-04-09T13:20:42","date_gmt":"2026-04-09T16:20:42","guid":{"rendered":"https:\/\/www.cref13.org.br\/cref13\/?p=13041"},"modified":"2026-04-09T13:20:42","modified_gmt":"2026-04-09T16:20:42","slug":"academia-e-interditada-na-federacao-apos-decisao-judicial-entenda-o-caso","status":"publish","type":"post","link":"https:\/\/www.cref13.org.br\/cref13\/academia-e-interditada-na-federacao-apos-decisao-judicial-entenda-o-caso\/","title":{"rendered":"Academia \u00e9 interditada na Federa\u00e7\u00e3o ap\u00f3s decis\u00e3o judicial, entenda o caso"},"content":{"rendered":"\n<p><\/p>\n\n\n\n<p>O Departamento de Orienta\u00e7\u00e3o e Fiscaliza\u00e7\u00e3o do Conselho Regional de Educa\u00e7\u00e3o F\u00edsica da 13\u00aa Regi\u00e3o \u2013 Bahia (CREF13\/BA) realizou a interdi\u00e7\u00e3o de uma academia localizada no bairro da Federa\u00e7\u00e3o, em Salvador, em cumprimento a decis\u00e3o judicial.<\/p>\n\n\n\n<p>O estabelecimento encontrava-se em desacordo com as Leis Federais n\u00ba 9.696\/98, n\u00ba 14.386\/22 e n\u00ba 6.839\/80. Apesar de ter sido previamente orientado pelo Departamento de Orienta\u00e7\u00e3o e Fiscaliza\u00e7\u00e3o (DEOFIS) quanto \u00e0 necessidade de regulariza\u00e7\u00e3o, permaneceu inerte diante das notifica\u00e7\u00f5es.<\/p>\n\n\n\n<p>A medida refor\u00e7a o compromisso do CREF13\/BA em assegurar que a popula\u00e7\u00e3o seja atendida por Profissionais de Educa\u00e7\u00e3o F\u00edsica devidamente registrados e habilitados, garantindo a legalidade, a \u00e9tica profissional e a valoriza\u00e7\u00e3o da Educa\u00e7\u00e3o F\u00edsica em todo o estado da Bahia.<\/p>\n\n\n\n<p>\u201cA atua\u00e7\u00e3o da Justi\u00e7a corrobora o trabalho que o Conselho j\u00e1 vem desenvolvendo por meio da fiscaliza\u00e7\u00e3o. Decis\u00f5es como essa fortalecem nosso compromisso institucional de proteger a sociedade e assegurar o exerc\u00edcio legal da profiss\u00e3o\u201d, destacou o presidente do Conselho.<\/p>\n","protected":false},"excerpt":{"rendered":"<p>O Departamento de Orienta\u00e7\u00e3o e Fiscaliza\u00e7\u00e3o do Conselho Regional de Educa\u00e7\u00e3o F\u00edsica da 13\u00aa Regi\u00e3o \u2013 Bahia (CREF13\/BA) realizou a interdi\u00e7\u00e3o de uma academia localizada no bairro da Federa\u00e7\u00e3o, em Salvador, em cumprimento a decis\u00e3o judicial. O estabelecimento encontrava-se em desacordo com as Leis Federais n\u00ba 9.696\/98, n\u00ba 14.386\/22 e n\u00ba 6.839\/80. Apesar de ter [&hellip;]<\/p>\n","protected":false},"author":3,"featured_media":13042,"comment_status":"closed","ping_status":"open","sticky":false,"template":"","format":"standard","meta":{"footnotes":""},"categories":[14],"tags":[],"class_list":["post-13041","post","type-post","status-publish","format-standard","has-post-thumbnail","hentry","category-noticias"],"_links":{"self":[{"href":"https:\/\/www.cref13.org.br\/cref13\/wp-json\/wp\/v2\/posts\/13041","targetHints":{"allow":["GET"]}}],"collection":[{"href":"https:\/\/www.cref13.org.br\/cref13\/wp-json\/wp\/v2\/posts"}],"about":[{"href":"https:\/\/www.cref13.org.br\/cref13\/wp-json\/wp\/v2\/types\/post"}],"author":[{"embeddable":true,"href":"https:\/\/www.cref13.org.br\/cref13\/wp-json\/wp\/v2\/users\/3"}],"replies":[{"embeddable":true,"href":"https:\/\/www.cref13.org.br\/cref13\/wp-json\/wp\/v2\/comments?post=13041"}],"version-history":[{"count":1,"href":"https:\/\/www.cref13.org.br\/cref13\/wp-json\/wp\/v2\/posts\/13041\/revisions"}],"predecessor-version":[{"id":13043,"href":"https:\/\/www.cref13.org.br\/cref13\/wp-json\/wp\/v2\/posts\/13041\/revisions\/13043"}],"wp:featuredmedia":[{"embeddable":true,"href":"https:\/\/www.cref13.org.br\/cref13\/wp-json\/wp\/v2\/media\/13042"}],"wp:attachment":[{"href":"https:\/\/www.cref13.org.br\/cref13\/wp-json\/wp\/v2\/media?parent=13041"}],"wp:term":[{"taxonomy":"category","embeddable":true,"href":"https:\/\/www.cref13.org.br\/cref13\/wp-json\/wp\/v2\/categories?post=13041"},{"taxonomy":"post_tag","embeddable":true,"href":"https:\/\/www.cref13.org.br\/cref13\/wp-json\/wp\/v2\/tags?post=13041"}],"curies":[{"name":"wp","href":"https:\/\/api.w.org\/{rel}","templated":true}]}}