{"id":13064,"date":"2026-04-13T16:12:14","date_gmt":"2026-04-13T19:12:14","guid":{"rendered":"https:\/\/www.cref13.org.br\/cref13\/?p=13064"},"modified":"2026-04-13T16:12:14","modified_gmt":"2026-04-13T19:12:14","slug":"cref13-ba-marca-presenca-em-evento-de-anuncio-das-acoes-e-investimentos-no-esporte-baiano-para-2026","status":"publish","type":"post","link":"https:\/\/www.cref13.org.br\/cref13\/cref13-ba-marca-presenca-em-evento-de-anuncio-das-acoes-e-investimentos-no-esporte-baiano-para-2026\/","title":{"rendered":"CREF13\/BA marca presen\u00e7a em evento de an\u00fancio das A\u00e7\u00f5es e Investimentos no Esporte Baiano para 2026"},"content":{"rendered":"\n<p>O presidente do CREF13\/BA, Rog\u00e9rio Jean Moura, marcou presen\u00e7a nesta quinta-feira (9) em um importante encontro para o fortalecimento do esporte baiano.<\/p>\n\n\n\n<p>O evento, promovido pela Secretaria do Trabalho, Emprego, Renda e Esporte (Setre) em parceria com a Superintend\u00eancia dos Desportos do Estado da Bahia (Sudesb), apresentou as A\u00e7\u00f5es e Investimentos no Esporte Baiano para 2026 \u2014 um passo significativo para o desenvolvimento da \u00e1rea no estado.<\/p>\n\n\n\n<p>A participa\u00e7\u00e3o do CREF13\/BA refor\u00e7a o compromisso com a valoriza\u00e7\u00e3o dos profissionais de Educa\u00e7\u00e3o F\u00edsica e com o crescimento do esporte em todas as suas dimens\u00f5es. Seguimos juntos, contribuindo ativamente para um futuro mais forte, inclusivo e cheio de oportunidades no esporte baiano.<\/p>\n\n\n\n<p><\/p>\n","protected":false},"excerpt":{"rendered":"<p>O presidente do CREF13\/BA, Rog\u00e9rio Jean Moura, marcou presen\u00e7a nesta quinta-feira (9) em um importante encontro para o fortalecimento do esporte baiano. O evento, promovido pela Secretaria do Trabalho, Emprego, Renda e Esporte (Setre) em parceria com a Superintend\u00eancia dos Desportos do Estado da Bahia (Sudesb), apresentou as A\u00e7\u00f5es e Investimentos no Esporte Baiano para [&hellip;]<\/p>\n","protected":false},"author":3,"featured_media":13065,"comment_status":"closed","ping_status":"open","sticky":false,"template":"","format":"standard","meta":{"footnotes":""},"categories":[14],"tags":[],"class_list":["post-13064","post","type-post","status-publish","format-standard","has-post-thumbnail","hentry","category-noticias"],"_links":{"self":[{"href":"https:\/\/www.cref13.org.br\/cref13\/wp-json\/wp\/v2\/posts\/13064","targetHints":{"allow":["GET"]}}],"collection":[{"href":"https:\/\/www.cref13.org.br\/cref13\/wp-json\/wp\/v2\/posts"}],"about":[{"href":"https:\/\/www.cref13.org.br\/cref13\/wp-json\/wp\/v2\/types\/post"}],"author":[{"embeddable":true,"href":"https:\/\/www.cref13.org.br\/cref13\/wp-json\/wp\/v2\/users\/3"}],"replies":[{"embeddable":true,"href":"https:\/\/www.cref13.org.br\/cref13\/wp-json\/wp\/v2\/comments?post=13064"}],"version-history":[{"count":1,"href":"https:\/\/www.cref13.org.br\/cref13\/wp-json\/wp\/v2\/posts\/13064\/revisions"}],"predecessor-version":[{"id":13066,"href":"https:\/\/www.cref13.org.br\/cref13\/wp-json\/wp\/v2\/posts\/13064\/revisions\/13066"}],"wp:featuredmedia":[{"embeddable":true,"href":"https:\/\/www.cref13.org.br\/cref13\/wp-json\/wp\/v2\/media\/13065"}],"wp:attachment":[{"href":"https:\/\/www.cref13.org.br\/cref13\/wp-json\/wp\/v2\/media?parent=13064"}],"wp:term":[{"taxonomy":"category","embeddable":true,"href":"https:\/\/www.cref13.org.br\/cref13\/wp-json\/wp\/v2\/categories?post=13064"},{"taxonomy":"post_tag","embeddable":true,"href":"https:\/\/www.cref13.org.br\/cref13\/wp-json\/wp\/v2\/tags?post=13064"}],"curies":[{"name":"wp","href":"https:\/\/api.w.org\/{rel}","templated":true}]}}